{"id":35183,"date":"2024-04-03T23:43:00","date_gmt":"2024-04-03T21:43:00","guid":{"rendered":"http:\/\/trackandfield.bplaced.net\/?p=35183"},"modified":"2024-04-06T22:01:25","modified_gmt":"2024-04-06T20:01:25","slug":"asics-festival-of-running-paris-2024-livestream-zeitplan-elitefeld","status":"publish","type":"post","link":"https:\/\/trackandfield.bplaced.net\/blog\/2024\/04\/asics-festival-of-running-paris-2024-livestream-zeitplan-elitefeld\/","title":{"rendered":"Asics Festival of Running Paris 2024 &#8211; Livestream \/ Zeitplan \/ Elitefeld"},"content":{"rendered":"\n<h1 class=\"wp-block-heading\"><a href=\"https:\/\/www.asics.com\/at\/en-at\/mk\/paris\" target=\"_blank\" rel=\"noreferrer noopener\">Asics Festival of Running Paris<\/a><\/h1>\n\n\n\n<h2 class=\"wp-block-heading\">Vorschau<\/h2>\n\n\n\n<p>Am Freitag findet im Vorfeld des <a href=\"http:\/\/trackandfield.bplaced.net\/2024\/04\/schneider-electric-paris-marathon-2024-tv-livestream-ergebnisse\/\" data-type=\"post\" data-id=\"35174\">Paris Marathons<\/a> ein 5\/10km Eliterennen von Asics namens Festival of Running statt. Unter anderem d\u00fcrften Julia Mayer (DSG Wien), Richard Ringer, Katharina Steinruck, Fabienne K\u00f6nigstein, Eilish McColgan (als Pacemakerin) \u00fcber 10km und Nadia Battocletti \u00fcber 5km uvm. unter den rund 100 Asics Eliteathlet:innen am Start sein.<\/p>\n\n\n\n<p><a href=\"https:\/\/www.leichtathletik.de\/aktuelles\/news\/news-detail\/79183-flash-news-am-freitag\" target=\"_blank\" rel=\"noreferrer noopener\">Leichtathletik.de | Flash-News am Freitag (05.04.2024)<\/a><\/p>\n\n\n\n<p><a href=\"https:\/\/athleticsweekly.com\/athletics-news\/asics-to-host-festival-of-running-in-paris-1039976413\/\" target=\"_blank\" rel=\"noreferrer noopener\">Athletics Weekly | ASICS to host Festival of Running in Paris<\/a><br \/><a href=\"https:\/\/athleticsweekly.com\/event-news\/who-what-and-when-guide-2024-paris-marathon-1039977038\/\" target=\"_blank\" rel=\"noreferrer noopener\">Athletics Weekly | Who, what and when guide: 2024 Paris Marathon<\/a><\/p>\n\n\n\n<h2 class=\"wp-block-heading\">Livestream &#8211; 05.04.2024 ab 19 Uhr MESZ<\/h2>\n\n\n\n<p>Um 19 Uhr startet die 5km Nachwuchselite. Um 20:20 Uhr startet die 10km Elite, um 21:15 Uhr folgt die 5km Elite.<\/p>\n\n\n\n<p><a href=\"https:\/\/www.youtube.com\/watch?v=sdUhqUfetng\" target=\"_blank\" rel=\"noreferrer noopener\">Asics Festival of Running Paris 2024 | Livestream (Youtube)<\/a><br \/><a href=\"https:\/\/www.asics.com\/at\/en-at\/mk\/paris\" target=\"_blank\" rel=\"noreferrer noopener\">Asics Festival of Running Paris 2024 | Livestream<\/a><\/p>\n\n\n\n<iframe loading=\"lazy\" width=\"560\" height=\"315\" src=\"https:\/\/www.youtube.com\/embed\/sdUhqUfetng?si=w5WMiSAdV_LwrOS5\" title=\"YouTube video player\" frameborder=\"0\" allow=\"accelerometer; autoplay; clipboard-write; encrypted-media; gyroscope; picture-in-picture; web-share\" referrerpolicy=\"strict-origin-when-cross-origin\" allowfullscreen><\/iframe>\n\n\n\n<h2 class=\"wp-block-heading\">Zeitplan \/ Elitefeld<\/h2>\n\n\n\n<p><a href=\"https:\/\/www.sportinnovation.fr\/resultats\/\" target=\"_blank\" rel=\"noreferrer noopener\">Asics Festival of Running Paris 2024 | Ergebnisse<\/a><br \/><a href=\"https:\/\/worldathletics.org\/competition\/calendar-results?\" target=\"_blank\" rel=\"noreferrer noopener\">Asics Festival of Running Paris 2024 | Ergebnisse (World Athletics nach Beendigung)<\/a><br \/><a href=\"https:\/\/www.asics.com\/at\/en-at\/mk\/paris\" target=\"_blank\" rel=\"noreferrer noopener\">Asics Festival of Running Paris 2024 | Zeitplan \/ Elitefeld<\/a><\/p>\n\n\n\n<h2 class=\"wp-block-heading\">Bericht<\/h2>\n\n\n\n<p><a href=\"https:\/\/www.oelv.at\/de\/newsshow-julia-mayer-verbessert-ihren-oesterr.-10km-rekord\" target=\"_blank\" rel=\"noreferrer noopener\">\u00d6LV | Julia Mayer verbessert ihren \u00f6sterr. 10km-Rekord<\/a><\/p>\n\n\n\n<p><a href=\"https:\/\/worldathletics.org\/news\/report\/paris-festival-of-running-amebaw-yimer-gebrhiwet-nyaga\" target=\"_blank\" rel=\"noreferrer noopener\">World Athletics | Amebaw and Yimer win 10km titles at Paris Festival of Running<\/a><\/p>\n","protected":false},"excerpt":{"rendered":"<p>Asics Festival of Running Paris Vorschau Am Freitag findet im Vorfeld des Paris Marathons ein 5\/10km Eliterennen von Asics namens Festival of Running statt. Unter anderem d\u00fcrften Julia Mayer (DSG Wien), Richard Ringer, Katharina Steinruck, Fabienne K\u00f6nigstein, Eilish McColgan (als <a class=\"more-link\" href=\"https:\/\/trackandfield.bplaced.net\/blog\/2024\/04\/asics-festival-of-running-paris-2024-livestream-zeitplan-elitefeld\/\"><span class=\"screen-reader-text\">  Asics Festival of Running Paris 2024 &#8211; Livestream \/ Zeitplan \/ Elitefeld<\/span> weiterlesen<span class=\"meta-nav\">&rarr;<\/span><\/a><\/p>\n","protected":false},"author":1,"featured_media":0,"comment_status":"closed","ping_status":"closed","sticky":false,"template":"","format":"standard","meta":{"footnotes":""},"categories":[7],"tags":[301,3548,1437,2242,2413,2648,3354,3694,140,3124,943],"class_list":["post-35183","post","type-post","status-publish","format-standard","hentry","category-international","tag-10km","tag-5km","tag-asics","tag-eilish-mccolgan","tag-fabienne-koenigstein","tag-julia-mayer","tag-katharina-steinruck","tag-kira-weis","tag-livestream","tag-nadia-battocletti","tag-richard-ringer"],"_links":{"self":[{"href":"https:\/\/trackandfield.bplaced.net\/blog\/wp-json\/wp\/v2\/posts\/35183","targetHints":{"allow":["GET"]}}],"collection":[{"href":"https:\/\/trackandfield.bplaced.net\/blog\/wp-json\/wp\/v2\/posts"}],"about":[{"href":"https:\/\/trackandfield.bplaced.net\/blog\/wp-json\/wp\/v2\/types\/post"}],"author":[{"embeddable":true,"href":"https:\/\/trackandfield.bplaced.net\/blog\/wp-json\/wp\/v2\/users\/1"}],"replies":[{"embeddable":true,"href":"https:\/\/trackandfield.bplaced.net\/blog\/wp-json\/wp\/v2\/comments?post=35183"}],"version-history":[{"count":5,"href":"https:\/\/trackandfield.bplaced.net\/blog\/wp-json\/wp\/v2\/posts\/35183\/revisions"}],"predecessor-version":[{"id":35233,"href":"https:\/\/trackandfield.bplaced.net\/blog\/wp-json\/wp\/v2\/posts\/35183\/revisions\/35233"}],"wp:attachment":[{"href":"https:\/\/trackandfield.bplaced.net\/blog\/wp-json\/wp\/v2\/media?parent=35183"}],"wp:term":[{"taxonomy":"category","embeddable":true,"href":"https:\/\/trackandfield.bplaced.net\/blog\/wp-json\/wp\/v2\/categories?post=35183"},{"taxonomy":"post_tag","embeddable":true,"href":"https:\/\/trackandfield.bplaced.net\/blog\/wp-json\/wp\/v2\/tags?post=35183"}],"curies":[{"name":"wp","href":"https:\/\/api.w.org\/{rel}","templated":true}]}}