{"id":35710,"date":"2024-05-25T15:52:00","date_gmt":"2024-05-25T13:52:00","guid":{"rendered":"http:\/\/trackandfield.bplaced.net\/?p=35710"},"modified":"2024-05-26T21:00:18","modified_gmt":"2024-05-26T19:00:18","slug":"77-balkan-championships-izmir-2024-livestream-zeitplan-startlisten","status":"publish","type":"post","link":"https:\/\/trackandfield.bplaced.net\/blog\/2024\/05\/77-balkan-championships-izmir-2024-livestream-zeitplan-startlisten\/","title":{"rendered":"77. Balkan Championships Izmir 2024 &#8211; Livestream \/ Zeitplan \/ Startlisten"},"content":{"rendered":"\n<h1 class=\"wp-block-heading\" id=\"27th-balkan-indoor-championships-istanbul-2027\"><a href=\"https:\/\/www.taf.org.tr\/Haber\/Detay\/balkan-buyukler-atletizm-sampiyonasina-430-sporcu-katiliyor\" target=\"_blank\" rel=\"noreferrer noopener\">77. Balkan Championships Izmir 2024<\/a><\/h1>\n\n\n\n<h2 class=\"wp-block-heading\" id=\"vorschau\">Vorschau<\/h2>\n\n\n\n<p>Am Samstag starten laut \u00d6LV Vorschau einige \u00d6LV-Topathlet:innen bei den Balkan Meisterschaften um wertvolle Punkte f\u00fcr die EM- und Olympia-Qualifikation<\/p>\n\n\n\n<p><a href=\"https:\/\/www.oelv.at\/de\/newsshow-vorschau-starkes-oelv-team-bei-balkan-championships2\" target=\"_blank\" rel=\"noreferrer noopener\">\u00d6LV | Vorschau: Starkes \u00d6LV-Team bei Balkan Championships<\/a><\/p>\n\n\n\n<h2 class=\"wp-block-heading\" id=\"livestream-05-03-2022\">Livestream &#8211; 25.\/26.05.2024<\/h2>\n\n\n\n<p><a href=\"https:\/\/www.youtube.com\/c\/T%C3%BCrkiyeAtletizmFederasyonu\/streams\" target=\"_blank\" rel=\"noreferrer noopener\">Balkan Championships Izmir 2024 | Livestream (Youtube)<\/a><\/p>\n\n\n\n<p><a href=\"https:\/\/www.youtube.com\/watch?v=8oluHhmF9jA\" target=\"_blank\" rel=\"noreferrer noopener\">Balkan Championships Izmir 2024 | Livestream Tag 1 Teil 1 (Youtube)<\/a><br \/><a href=\"https:\/\/www.youtube.com\/watch?v=dz6xfIu_PkA\" target=\"_blank\" rel=\"noreferrer noopener\">Balkan Championships Izmir 2024 | Livestream Tag 1 Teil 2 (Youtube)<\/a><br \/><a href=\"https:\/\/www.youtube.com\/watch?v=nYyW3RxSEZU\" target=\"_blank\" rel=\"noreferrer noopener\">Balkan Championships Izmir 2024 | Livestream Tag 1 Teil 3 (Youtube)<\/a><br \/><a href=\"https:\/\/www.youtube.com\/watch?v=xgp4EtoGQT8\" target=\"_blank\" rel=\"noreferrer noopener\">Balkan Championships Izmir 2024 | Livestream Tag 1 Teil 4 (Youtube)<\/a><br \/><a href=\"https:\/\/www.youtube.com\/watch?v=RrzPZ0ulOmg\" target=\"_blank\" rel=\"noreferrer noopener\">Balkan Championships Izmir 2024 | Livestream Tag 1 Teil 5 (Youtube)<\/a><\/p>\n\n\n\n<p><strong><a href=\"https:\/\/www.youtube.com\/watch?v=gtJB2HA-9MY\" target=\"_blank\" rel=\"noreferrer noopener\">Balkan Championships Izmir 2024 | Livestream Tag 2 Teil 1 (Youtube)<\/a><\/strong><\/p>\n\n\n\n<iframe loading=\"lazy\" width=\"560\" height=\"315\" src=\"https:\/\/www.youtube.com\/embed\/gtJB2HA-9MY?si=fZbY5VWxdWnY1fRw\" title=\"YouTube video player\" frameborder=\"0\" allow=\"accelerometer; autoplay; clipboard-write; encrypted-media; gyroscope; picture-in-picture; web-share\" referrerpolicy=\"strict-origin-when-cross-origin\" allowfullscreen><\/iframe>\n\n\n\n<h2 class=\"wp-block-heading\" id=\"zeitplan-2h-fur-mez-ergebnisse\">Zeitplan (-1h f\u00fcr MESZ) \/ Live-Ergebnisse<\/h2>\n\n\n\n<p><a href=\"https:\/\/bys.taf.org.tr\/YarismaSonucu?id=77th-balkan-senior-athletics-championships-234\" target=\"_blank\" rel=\"noreferrer noopener\"><strong>77. Balkan Championships Izmir 2024 | Live-Ergebnisse<\/strong><\/a><br \/><a href=\"https:\/\/bys.taf.org.tr\/CanliSonuc\" target=\"_blank\" rel=\"noreferrer noopener\">77. Balkan Championships Izmir 2024 | Live-Ergebnisse?<\/a><br \/><a href=\"https:\/\/www.taf.org.tr\/YarismaIstatistik\/234\" target=\"_blank\" rel=\"noreferrer noopener\">77. Balkan Championships Izmir 2024 | Live-Ergebnisse?<\/a><br \/><a href=\"https:\/\/balkanathletics.org\/results\/\" target=\"_blank\" rel=\"noreferrer noopener\">77. Balkan Championships Izmir 2024 | Ergebnisse?<\/a><br \/><a href=\"https:\/\/www.oelv.at\/de\/newsshowdoc-vorschau-starkes-oelv-team-bei-balkan-championships2-----KKD10M4fgFnik\" target=\"_blank\" rel=\"noreferrer noopener\">77. Balkan Championships Izmir 2024 | Zeitplan -1h f\u00fcr MESZ (PDF)<\/a><br \/><a href=\"https:\/\/www.oelv.at\/de\/newsshowdoc-vorschau-starkes-oelv-team-bei-balkan-championships2-----ZN2UU6rFR18XQ\" target=\"_blank\" rel=\"noreferrer noopener\">77. Balkan Championships Izmir 2024 | Meldelisten (PDF)<\/a><\/p>\n\n\n\n<h2 class=\"wp-block-heading\" id=\"fotos\">Fotos<\/h2>\n\n\n\n<p><a href=\"https:\/\/www.flickr.com\/photos\/austrianathletics\/albums\/72177720317205363\/\" target=\"_blank\" rel=\"noreferrer noopener\">77. Balkan Championships Izmir 2024 | Fotos (Austrian Athletics Flickr)<\/a><\/p>\n\n\n\n<a data-flickr-embed=\"true\" href=\"https:\/\/www.flickr.com\/photos\/austrianathletics\/albums\/72177720317205363\" title=\"2024 Balkan-MS, Izmir\/TUR\"><img loading=\"lazy\" decoding=\"async\" src=\"https:\/\/live.staticflickr.com\/65535\/53737687892_923c85e291_z.jpg\" width=\"640\" height=\"480\" alt=\"2024 Balkan-MS, Izmir\/TUR\"\/><\/a><script async src=\"\/\/embedr.flickr.com\/assets\/client-code.js\" charset=\"utf-8\"><\/script>\n\n\n\n<h2 class=\"wp-block-heading\" id=\"bericht\">Bericht<\/h2>\n\n\n\n<p><a href=\"https:\/\/www.oelv.at\/de\/newsshow-lena-pressler-und-sebastian-frey-siegen-bei-balkan-championships\" target=\"_blank\" rel=\"noreferrer noopener\">\u00d6LV | Lena Pressler und Sebastian Frey siegen bei Balkan Championships<\/a><\/p>\n\n\n\n<p><a href=\"https:\/\/www.oelv.at\/de\/newsshow-auch-diessl-und-rattinger-holen-bei-balkan-championships-gold-frey-mit-zweitem-titel\" target=\"_blank\" rel=\"noreferrer noopener\">\u00d6LV | Auch Diessl und Rattinger holen bei Balkan Championships Gold, Frey mit zweitem Titel<\/a><\/p>\n","protected":false},"excerpt":{"rendered":"<p>77. Balkan Championships Izmir 2024 Vorschau Am Samstag starten laut \u00d6LV Vorschau einige \u00d6LV-Topathlet:innen bei den Balkan Meisterschaften um wertvolle Punkte f\u00fcr die EM- und Olympia-Qualifikation \u00d6LV | Vorschau: Starkes \u00d6LV-Team bei Balkan Championships Livestream &#8211; 25.\/26.05.2024 Balkan Championships Izmir <a class=\"more-link\" href=\"https:\/\/trackandfield.bplaced.net\/blog\/2024\/05\/77-balkan-championships-izmir-2024-livestream-zeitplan-startlisten\/\"><span class=\"screen-reader-text\">  77. Balkan Championships Izmir 2024 &#8211; Livestream \/ Zeitplan \/ Startlisten<\/span> weiterlesen<span class=\"meta-nav\">&rarr;<\/span><\/a><\/p>\n","protected":false},"author":1,"featured_media":0,"comment_status":"closed","ping_status":"closed","sticky":false,"template":"","format":"standard","meta":{"footnotes":""},"categories":[7],"tags":[1948,3373,3431,3525,3410,741,2649,2767,140,2116,750,3469,1714,3028],"class_list":["post-35710","post","type-post","status-publish","format-standard","hentry","category-international","tag-austrian-athletics","tag-balkan-athletics","tag-caroline-bredlinger","tag-endiorass-kingley","tag-enzo-diessl","tag-lena-millonig","tag-lena-pressler","tag-leo-koehldorfer","tag-livestream","tag-magdalena-lindner","tag-markus-fuchs","tag-niklas-strohmayer-dangl","tag-riccardo-klotz","tag-sebastian-frey"],"_links":{"self":[{"href":"https:\/\/trackandfield.bplaced.net\/blog\/wp-json\/wp\/v2\/posts\/35710","targetHints":{"allow":["GET"]}}],"collection":[{"href":"https:\/\/trackandfield.bplaced.net\/blog\/wp-json\/wp\/v2\/posts"}],"about":[{"href":"https:\/\/trackandfield.bplaced.net\/blog\/wp-json\/wp\/v2\/types\/post"}],"author":[{"embeddable":true,"href":"https:\/\/trackandfield.bplaced.net\/blog\/wp-json\/wp\/v2\/users\/1"}],"replies":[{"embeddable":true,"href":"https:\/\/trackandfield.bplaced.net\/blog\/wp-json\/wp\/v2\/comments?post=35710"}],"version-history":[{"count":4,"href":"https:\/\/trackandfield.bplaced.net\/blog\/wp-json\/wp\/v2\/posts\/35710\/revisions"}],"predecessor-version":[{"id":35777,"href":"https:\/\/trackandfield.bplaced.net\/blog\/wp-json\/wp\/v2\/posts\/35710\/revisions\/35777"}],"wp:attachment":[{"href":"https:\/\/trackandfield.bplaced.net\/blog\/wp-json\/wp\/v2\/media?parent=35710"}],"wp:term":[{"taxonomy":"category","embeddable":true,"href":"https:\/\/trackandfield.bplaced.net\/blog\/wp-json\/wp\/v2\/categories?post=35710"},{"taxonomy":"post_tag","embeddable":true,"href":"https:\/\/trackandfield.bplaced.net\/blog\/wp-json\/wp\/v2\/tags?post=35710"}],"curies":[{"name":"wp","href":"https:\/\/api.w.org\/{rel}","templated":true}]}}