{"id":35712,"date":"2024-05-24T12:08:00","date_gmt":"2024-05-24T10:08:00","guid":{"rendered":"http:\/\/trackandfield.bplaced.net\/?p=35712"},"modified":"2024-05-26T00:40:21","modified_gmt":"2024-05-25T22:40:21","slug":"sparkassen-gala-regensburg-2024-livestream-live-ergebnisse-zeitplan-meldelisten","status":"publish","type":"post","link":"https:\/\/trackandfield.bplaced.net\/blog\/2024\/05\/sparkassen-gala-regensburg-2024-livestream-live-ergebnisse-zeitplan-meldelisten\/","title":{"rendered":"Sparkassen-Gala Regensburg 2024 &#8211; Livestream \/ Live-Ergebnisse \/ Zeitplan \/ Meldelisten"},"content":{"rendered":"\n<h1 class=\"wp-block-heading\"><a href=\"https:\/\/www.sparkassen-gala.de\/\" target=\"_blank\" rel=\"noreferrer noopener\">Sparkassen-Gala Regensburg<\/a><\/h1>\n\n\n\n<h2 class=\"wp-block-heading\">Vorschau<\/h2>\n\n\n\n<p>Am Samstag findet die Sparkassen-Gala in Regensburg statt. Wie jedes Jahr sind auch sehr viele \u00d6sterreicher:innen auf der Teilnehmerliste zu finden.<\/p>\n\n\n\n<p><a href=\"https:\/\/www.oelv.at\/de\/newsshow-kurzmeldungen-23.5.2024\" target=\"_blank\" rel=\"noreferrer noopener\">\u00d6LV | Kurzmeldungen (23.5.2024)<\/a><\/p>\n\n\n\n<p><a href=\"https:\/\/www.leichtathletik.de\/aktuelles\/news\/news-detail\/79376-norm-jagd-fuer-die-em-bei-der-sparkassen-gala-regensburg\" target=\"_blank\" rel=\"noreferrer noopener\">Leichtathletik.de | Norm-Jagd f\u00fcr die EM bei der Sparkassen-Gala in Regensburg<\/a><\/p>\n\n\n\n<h2 class=\"wp-block-heading\">Livestream 25.05.2024 &#8211; ab 14:40 Uhr<\/h2>\n\n\n\n<p><a href=\"https:\/\/www.youtube.com\/watch?v=muzAuEmowcg\" target=\"_blank\" rel=\"noreferrer noopener\">Sparkassen-Gala Regensburg 2024 | Livestream (Youtube)<\/a><\/p>\n\n\n\n<iframe loading=\"lazy\" width=\"560\" height=\"315\" src=\"https:\/\/www.youtube.com\/embed\/muzAuEmowcg?si=ATQo0Lvh1Y3hPLWG\" title=\"YouTube video player\" frameborder=\"0\" allow=\"accelerometer; autoplay; clipboard-write; encrypted-media; gyroscope; picture-in-picture; web-share\" referrerpolicy=\"strict-origin-when-cross-origin\" allowfullscreen><\/iframe>\n\n\n\n<h2 class=\"wp-block-heading\">Live-Ergebnisse \/ Zeitplan \/ Startlisten<\/h2>\n\n\n\n<p><a href=\"https:\/\/red.laportal.net\/Competitions\/Details\/12891\" target=\"_blank\" rel=\"noreferrer noopener\">Sparkassen-Gala Regensburg 2024 | Live-Ergebnisse \/ Zeitplan \/ Startlisten<\/a><br \/><a href=\"https:\/\/red.laportal.net\/CIS\/Timetable?compid=12891\" target=\"_blank\" rel=\"noreferrer noopener\">Sparkassen-Gala Regensburg 2024 | Live-Ergebnisse (CIS) \/ Zeitplan \/ Startlisten<\/a><\/p>\n\n\n\n<p><a href=\"https:\/\/sparkassen-gala.de\/25-05_SparkassenGala_Zeitplan\" target=\"_blank\" rel=\"noreferrer noopener\">Sparkassen-Gala Regensburg 2024 | Zeitplan (PDF)<\/a><\/p>\n\n\n\n<h2 class=\"wp-block-heading\">Fotos<\/h2>\n\n\n\n<p><a href=\"https:\/\/www.sparkassen-gala.de\/rueckblick.php\" target=\"_blank\" rel=\"noreferrer noopener\">Sparkassen-Gala Regensburg | Fotos<\/a><\/p>\n\n\n\n<h2 class=\"wp-block-heading\">Bericht<\/h2>\n\n\n\n<p><a href=\"https:\/\/www.leichtathletik.de\/aktuelles\/news\/news-detail\/79382-regensburg-weckt-em-vorfreude-der-langhuerdler-agyekum-und-preis\" target=\"_blank\" rel=\"noreferrer noopener\">Leichtathletik.de | Schnelle Zeiten wecken EM-Vorfreude der Langh\u00fcrdler Agyekum und Preis<\/a><\/p>\n","protected":false},"excerpt":{"rendered":"<p>Sparkassen-Gala Regensburg Vorschau Am Samstag findet die Sparkassen-Gala in Regensburg statt. Wie jedes Jahr sind auch sehr viele \u00d6sterreicher:innen auf der Teilnehmerliste zu finden. \u00d6LV | Kurzmeldungen (23.5.2024) Leichtathletik.de | Norm-Jagd f\u00fcr die EM bei der Sparkassen-Gala in Regensburg Livestream <a class=\"more-link\" href=\"https:\/\/trackandfield.bplaced.net\/blog\/2024\/05\/sparkassen-gala-regensburg-2024-livestream-live-ergebnisse-zeitplan-meldelisten\/\"><span class=\"screen-reader-text\">  Sparkassen-Gala Regensburg 2024 &#8211; Livestream \/ Live-Ergebnisse \/ Zeitplan \/ Meldelisten<\/span> weiterlesen<span class=\"meta-nav\">&rarr;<\/span><\/a><\/p>\n","protected":false},"author":1,"featured_media":0,"comment_status":"closed","ping_status":"closed","sticky":false,"template":"","format":"standard","meta":{"footnotes":""},"categories":[7],"tags":[140,1157,3615,3554,588,587],"class_list":["post-35712","post","type-post","status-publish","format-standard","hentry","category-international","tag-livestream","tag-paul-stueger","tag-pauline-schedler","tag-raphael-siebenhofer","tag-regensburg","tag-sparkassen-gala"],"_links":{"self":[{"href":"https:\/\/trackandfield.bplaced.net\/blog\/wp-json\/wp\/v2\/posts\/35712","targetHints":{"allow":["GET"]}}],"collection":[{"href":"https:\/\/trackandfield.bplaced.net\/blog\/wp-json\/wp\/v2\/posts"}],"about":[{"href":"https:\/\/trackandfield.bplaced.net\/blog\/wp-json\/wp\/v2\/types\/post"}],"author":[{"embeddable":true,"href":"https:\/\/trackandfield.bplaced.net\/blog\/wp-json\/wp\/v2\/users\/1"}],"replies":[{"embeddable":true,"href":"https:\/\/trackandfield.bplaced.net\/blog\/wp-json\/wp\/v2\/comments?post=35712"}],"version-history":[{"count":5,"href":"https:\/\/trackandfield.bplaced.net\/blog\/wp-json\/wp\/v2\/posts\/35712\/revisions"}],"predecessor-version":[{"id":35766,"href":"https:\/\/trackandfield.bplaced.net\/blog\/wp-json\/wp\/v2\/posts\/35712\/revisions\/35766"}],"wp:attachment":[{"href":"https:\/\/trackandfield.bplaced.net\/blog\/wp-json\/wp\/v2\/media?parent=35712"}],"wp:term":[{"taxonomy":"category","embeddable":true,"href":"https:\/\/trackandfield.bplaced.net\/blog\/wp-json\/wp\/v2\/categories?post=35712"},{"taxonomy":"post_tag","embeddable":true,"href":"https:\/\/trackandfield.bplaced.net\/blog\/wp-json\/wp\/v2\/tags?post=35712"}],"curies":[{"name":"wp","href":"https:\/\/api.w.org\/{rel}","templated":true}]}}