{"id":35982,"date":"2024-08-14T23:53:00","date_gmt":"2024-08-14T21:53:00","guid":{"rendered":"http:\/\/trackandfield.bplaced.net\/?p=35982"},"modified":"2024-08-29T22:27:43","modified_gmt":"2024-08-29T20:27:43","slug":"internationales-josko-laufmeeting-andorf-austrian-top-meeting-2024-livestream-tv-zeiten-startlisten-zeitplan-live-ergebnisse","status":"publish","type":"post","link":"https:\/\/trackandfield.bplaced.net\/blog\/2024\/08\/internationales-josko-laufmeeting-andorf-austrian-top-meeting-2024-livestream-tv-zeiten-startlisten-zeitplan-live-ergebnisse\/","title":{"rendered":"Internationales Josko Laufmeeting Andorf (Austrian Top Meeting) 2024 &#8211; Livestream \/ TV-Zeiten \/ Startlisten \/ Zeitplan \/ Live-Ergebnisse"},"content":{"rendered":"\n<h2 class=\"wp-block-heading\">Vorschau<\/h2>\n\n\n\n<p>Am Samstag findet mit dem internationalen Josko Laufmeeting in Andorf das letzte Austrian Top Meeting der Saison 2024 statt. Direkt von den Olympischen Spielen in Paris kommen Lukas Wei\u00dfhaidinger (\u00d6TB O\u00d6 LA) und Susanne Gogl-Walli (TGW Zehnkampf-Union) oder auch Ferdinand Omanyala (KEN) der sich gegen Vorjahressieger Eugene Amo-Dadzie (GBR) \u00fcber 100m messen wird. Auch \u00d6sterreichs Siebenk\u00e4mpferinnen Verena Mayr (Union Ebensee) und Isabel Posch (TS Lustenau) testen in Andorf, wie die U20-WM-Teilnehmer:innen Marie Glaser (Leichtathletik Akademie Eisenstadt), Benjamin Pichler (TGW Zehnkampf-Union), Iman Roka (ATSV OMV Auersthal) und Katharina Stadler (ULC Linz Oberbank) ihre Form.<\/p>\n\n\n\n<p><a href=\"https:\/\/www.oelv.at\/de\/newsshow-vorschau-austrian-top-meeting-andorf-8211-int.-josko-laufmeeting3\" target=\"_blank\" rel=\"noreferrer noopener\">\u00d6LV | Vorschau: Austrian Top Meeting Andorf \u2013 Int. Josko Laufmeeting<\/a><\/p>\n\n\n\n<h2 class=\"wp-block-heading\">Livestream &#8211; 17.08. ab 12:25 bzw. 13:45 Uhr<\/h2>\n\n\n\n<p><strong><a href=\"https:\/\/streamster.tv\/events\/18-int-josko-laufmeeting-2024\/\" target=\"_blank\" rel=\"noreferrer noopener\">Int. Josko Laufmeeting (ATM) Andorf 2024 | Livestream (Streamster.tv)<\/a><\/strong><\/p>\n\n\n\n<iframe allowfullscreen width=560px height=315px src=\"https:\/\/streamster.tv\/wp-content\/themes\/dp-core\/parts\/dacast\/player.php?streamingurl=3c826230-5e8d-2a19-8a3b-258bbbd05a49-live-1c0e416e-8217-5bea-80a9-3c8aae357368\"><\/iframe>\n\n\n\n<h2 class=\"wp-block-heading\">Live-Ergebnisse \/ Zeitplan \/ Startliste<\/h2>\n\n\n\n<p><strong><a href=\"https:\/\/oelv.athmin.at\/event-details.aspx?event=29875\" target=\"_blank\" rel=\"noreferrer noopener\">Int. Josko Laufmeeting (ATM) Andorf 2024 | Live-Ergebnisse \/ Zeitplan \/ Startlisten<\/a><\/strong><br \/><a href=\"https:\/\/oelv.athmin.at\/event-details.aspx?event=31833\" target=\"_blank\" rel=\"noreferrer noopener\">Sparefroh Kinderl\u00e4ufe Andorf 2024 | Live-Ergebnisse \/ Zeitplan \/ Startlisten<\/a><\/p>\n\n\n\n<p><a rel=\"noreferrer noopener\" href=\"https:\/\/www.laufmeeting.at\/de\/meetingrekorde\" target=\"_blank\">Int. Josko Laufmeeting (ATM) Andorf | Stadionrekorde<\/a><\/p>\n\n\n\n<h2 class=\"wp-block-heading\">Fotos<\/h2>\n\n\n\n<p><a href=\"https:\/\/photos.google.com\/share\/AF1QipNua8BXPN4gVyYyxwMekFS9XVXiYThW5-EPyHCrAdbQSfvJdEtTdKJD_UQoK1ikzw?key=bjIxY01xUm1uMHdTb1pubzlLN0Z6eVd6YU9zaXZ3\" target=\"_blank\" rel=\"noreferrer noopener\">Fritz Andexlinger (Google Fotos) | Int.Josko Laufmeeting &#8211; Andorf 17.08.2024<\/a><br \/><a href=\"https:\/\/laufmeeting.mueh.com\/2024\/01trausinger\/\" target=\"_blank\" rel=\"noreferrer noopener\">Walter Trausinger | Laufmeeting Andorf 2024<\/a><br \/><a href=\"https:\/\/laufmeeting.mueh.com\/2024\/02mueh\/\" target=\"_blank\" rel=\"noreferrer noopener\">Christoph M\u00fchlb\u00f6ck | Laufmeeting Andorf 2024<\/a><br \/><a href=\"https:\/\/laufmeeting.mueh.com\/2024\/03kahlbacher\/\" target=\"_blank\" rel=\"noreferrer noopener\">Ewald Kahlbacher | Laufmeeting Andorf 2024<\/a><br \/><a href=\"https:\/\/laufmeeting.mueh.com\/2024\/04laufenboeck\/\" target=\"_blank\" rel=\"noreferrer noopener\">Helmut Laufenb\u00f6ck | Laufmeeting Andorf 2024<\/a><br \/><a href=\"https:\/\/www.eventfoto.at\/event\/int-josko-laufmeeting-in-andorf\/\" target=\"_blank\" rel=\"noreferrer noopener\">Eventfoto | Int. Josko Laufmeeting in Andorf<\/a><\/p>\n\n\n\n<p><a href=\"https:\/\/photos.google.com\/share\/AF1QipP-tz62n7-pZGFn47x-PpkepZng8XBYQqa0VK4UAHqjCOv4VoV4U2TvnDTw2HUrJw?key=LVRDSmlEVEp1dlhTUGdMTV9Xa01xSTZjWDB6SHVn\" target=\"_blank\" rel=\"noreferrer noopener\">Fritz Andexlinger (Google Fotos) | Sparefroh Kinderlauf Andorf 17.08. 2024<\/a><br \/><a href=\"https:\/\/www.eventfoto.at\/event\/sparefroh-kinderlauf-andorf\/\" target=\"_blank\" rel=\"noreferrer noopener\">Eventfoto | Sparefroh \u2013 Kinderlauf \u2013 Andorf<\/a><\/p>\n\n\n\n<p><a href=\"https:\/\/www.flickr.com\/photos\/austrianathletics\/albums\/72177720319448222\" target=\"_blank\" rel=\"noreferrer noopener\">Austrian Athletics (Flickr) | 2024 Int. JOSKO Laufmeeting Andorf 17.8.<\/a><\/p>\n\n\n\n<a data-flickr-embed=\"true\" href=\"https:\/\/www.flickr.com\/photos\/austrianathletics\/albums\/72177720319448222\" title=\"2024 Int. JOSKO Laufmeeting Andorf 11.8.\"><img loading=\"lazy\" decoding=\"async\" src=\"https:\/\/live.staticflickr.com\/65535\/51377065042_9543721bd8_z.jpg\" width=\"640\" height=\"480\" alt=\"2024 Int. JOSKO Laufmeeting Andorf 11.8.\"\/><\/a><script async src=\"\/\/embedr.flickr.com\/assets\/client-code.js\" charset=\"utf-8\"><\/script>\n\n\n\n<h2 class=\"wp-block-heading\">Videos<\/h2>\n\n\n\n<p>Am Sonntag dem 25.08. gibt es ab 11:20 Uhr einen Kurzbericht in ORF Sport-Bild. ORF Sport+ \u00fcbertr\u00e4gt einen <a href=\"https:\/\/tv.orf.at\/leichtathl262.html\" target=\"_blank\" rel=\"noreferrer noopener\">Langbericht \u00fcber ca. 30 Minuten am 21. August<\/a> ab 20:15 Uhr. Weitere geplante Termine:<\/p>\n\n\n\n<ul class=\"wp-block-list\">\n<li>Freitag 23.08. &#8211; 00:15 Uhr &amp; 11:45 Uhr<\/li>\n\n\n\n<li>Samstag 24.08. &#8211; 03:15 Uhr<\/li>\n<\/ul>\n\n\n\n<p><a href=\"https:\/\/www.ht1.at\/video\/18-internationales-josko-laufmeeting\/\" target=\"_blank\" rel=\"noreferrer noopener\">Laufmeeting Andorf 2024 | HT1 Video<\/a><br \/><a href=\"https:\/\/www.youtube.com\/watch?v=xWUBUIRa5fY\" target=\"_blank\" rel=\"noreferrer noopener\">Laufmeeting Andorf 2024 | Youtube (Huemer)<\/a><\/p>\n\n\n\n<p><a href=\"https:\/\/www.youtube.com\/playlist?list=PLV7HCrp49-jy-FykvGzHRt-FVhAB_bVSE\" target=\"_blank\" rel=\"noreferrer noopener\">Internationales Josko Laufmeeting Andorf | Youtube Playliste<\/a><\/p>\n\n\n\n<iframe loading=\"lazy\" src=\"https:\/\/www.youtube.com\/embed\/FUEu5-AJRfQ?list=PLV7HCrp49-jy-FykvGzHRt-FVhAB_bVSE\" allow=\"accelerometer; autoplay; encrypted-media; gyroscope; picture-in-picture\" allowfullscreen=\"\" width=\"560\" height=\"315\" frameborder=\"0\"><\/iframe>\n<iframe loading=\"lazy\" width=\"560\" height=\"315\" src=\"https:\/\/www.youtube.com\/embed\/xWUBUIRa5fY?si=XfYPavZCRHKRw3O2\" title=\"YouTube video player\" frameborder=\"0\" allow=\"accelerometer; autoplay; clipboard-write; encrypted-media; gyroscope; picture-in-picture; web-share\" referrerpolicy=\"strict-origin-when-cross-origin\" allowfullscreen><\/iframe>\n\n\n\n<h2 class=\"wp-block-heading\">Bericht<\/h2>\n\n\n\n<p><a href=\"https:\/\/www.oelv.at\/de\/newsshow-gogl-walli-pulverisiert-in-andorf-oelv-bestleistung-ueber-300m-weisshaidinger-mit-meetingrekord\" target=\"_blank\" rel=\"noreferrer noopener\">\u00d6LV | Gogl-Walli pulverisiert in Andorf \u00d6LV-Bestleistung \u00fcber 300m, Wei\u00dfhaidinger mit Meetingrekord<\/a><\/p>\n\n\n\n<p><a href=\"https:\/\/www.leichtathletik.de\/aktuelles\/news\/news-detail\/79787-flash-news-am-wochenende\" target=\"_blank\" rel=\"noreferrer noopener\">Leichtathletik.de | Flash-News am Wochenende (18.08.2024)<\/a><\/p>\n","protected":false},"excerpt":{"rendered":"<p>Vorschau Am Samstag findet mit dem internationalen Josko Laufmeeting in Andorf das letzte Austrian Top Meeting der Saison 2024 statt. Direkt von den Olympischen Spielen in Paris kommen Lukas Wei\u00dfhaidinger (\u00d6TB O\u00d6 LA) und Susanne Gogl-Walli (TGW Zehnkampf-Union) oder auch <a class=\"more-link\" href=\"https:\/\/trackandfield.bplaced.net\/blog\/2024\/08\/internationales-josko-laufmeeting-andorf-austrian-top-meeting-2024-livestream-tv-zeiten-startlisten-zeitplan-live-ergebnisse\/\"><span class=\"screen-reader-text\">  Internationales Josko Laufmeeting Andorf (Austrian Top Meeting) 2024 &#8211; Livestream \/ TV-Zeiten \/ Startlisten \/ Zeitplan \/ Live-Ergebnisse<\/span> weiterlesen<span class=\"meta-nav\">&rarr;<\/span><\/a><\/p>\n","protected":false},"author":1,"featured_media":0,"comment_status":"closed","ping_status":"closed","sticky":false,"template":"","format":"standard","meta":{"footnotes":""},"categories":[7],"tags":[611,1948,1291,3932,3816,3817,3590,1748,3884,140,119,2116,3466,1675,3807,601,543,3019],"class_list":["post-35982","post","type-post","status-publish","format-standard","hentry","category-international","tag-andorf","tag-austrian-athletics","tag-austrian-topmeeting","tag-benjamin-pichler","tag-eugene-amo-dadzie","tag-ferdinand-omanyala","tag-iman-roka","tag-isabel-posch","tag-katharina-stadler","tag-livestream","tag-lukas-weishaidinger","tag-magdalena-lindner","tag-marie-glaser","tag-nico-garea","tag-suri-stoehr","tag-susanne-gogl-walli","tag-verena-mayr","tag-viktoria-willhuber"],"_links":{"self":[{"href":"https:\/\/trackandfield.bplaced.net\/blog\/wp-json\/wp\/v2\/posts\/35982","targetHints":{"allow":["GET"]}}],"collection":[{"href":"https:\/\/trackandfield.bplaced.net\/blog\/wp-json\/wp\/v2\/posts"}],"about":[{"href":"https:\/\/trackandfield.bplaced.net\/blog\/wp-json\/wp\/v2\/types\/post"}],"author":[{"embeddable":true,"href":"https:\/\/trackandfield.bplaced.net\/blog\/wp-json\/wp\/v2\/users\/1"}],"replies":[{"embeddable":true,"href":"https:\/\/trackandfield.bplaced.net\/blog\/wp-json\/wp\/v2\/comments?post=35982"}],"version-history":[{"count":5,"href":"https:\/\/trackandfield.bplaced.net\/blog\/wp-json\/wp\/v2\/posts\/35982\/revisions"}],"predecessor-version":[{"id":36951,"href":"https:\/\/trackandfield.bplaced.net\/blog\/wp-json\/wp\/v2\/posts\/35982\/revisions\/36951"}],"wp:attachment":[{"href":"https:\/\/trackandfield.bplaced.net\/blog\/wp-json\/wp\/v2\/media?parent=35982"}],"wp:term":[{"taxonomy":"category","embeddable":true,"href":"https:\/\/trackandfield.bplaced.net\/blog\/wp-json\/wp\/v2\/categories?post=35982"},{"taxonomy":"post_tag","embeddable":true,"href":"https:\/\/trackandfield.bplaced.net\/blog\/wp-json\/wp\/v2\/tags?post=35982"}],"curies":[{"name":"wp","href":"https:\/\/api.w.org\/{rel}","templated":true}]}}