{"id":36715,"date":"2024-08-14T07:12:00","date_gmt":"2024-08-14T05:12:00","guid":{"rendered":"http:\/\/trackandfield.bplaced.net\/?p=36715"},"modified":"2024-08-26T09:21:54","modified_gmt":"2024-08-26T07:21:54","slug":"world-masters-athletics-championships-wmac-goeteborg-2024-livestream-live-ergebnisse-zeitplan-startlisten","status":"publish","type":"post","link":"https:\/\/trackandfield.bplaced.net\/blog\/2024\/08\/world-masters-athletics-championships-wmac-goeteborg-2024-livestream-live-ergebnisse-zeitplan-startlisten\/","title":{"rendered":"World Masters Athletics Championships (WMAC) G\u00f6teborg 2024 &#8211; Livestream \/ Live-Ergebnisse \/ Zeitplan \/ Startlisten"},"content":{"rendered":"\n<h1 class=\"wp-block-heading\"><a href=\"https:\/\/www.2024wmac.com\/\" target=\"_blank\" rel=\"noreferrer noopener\">World Masters Athletics Championships (WMAC) G\u00f6teborg 2024<\/a><\/h1>\n\n\n\n<h2 class=\"wp-block-heading\">Vorschau<\/h2>\n\n\n\n<p>Von 13. bis 25. August finden die World Masters Athletics Weltmeisterschaften in G\u00f6teborg statt.<\/p>\n\n\n\n<h2 class=\"wp-block-heading\">Livestream 13.-25.08.2024 &#8211; kostenpflichtig<\/h2>\n\n\n\n<p><a href=\"https:\/\/www.wmaclive.com\/\" target=\"_blank\" rel=\"noreferrer noopener\">World Masters Athletics Championships (WMAC) G\u00f6teborg 2024 | Livestream (Kostenpflichtig 24,99$)<\/a><\/p>\n\n\n\nMasters-WM Tag 6 | Acht WM-Titel in G\u00f6teborg\n\n\n\n<h2 class=\"wp-block-heading\">Live-Ergebnisse \/ Zeitplan<\/h2>\n\n\n\n<p><a href=\"https:\/\/meets.rosterathletics.com\/public\/competitions\/details\/schedule?id=25549\" target=\"_blank\" rel=\"noreferrer noopener\">World Masters Athletics Championships (WMAC) G\u00f6teborg 2024 | Live-Ergebnisse \/ Zeitplan \/ Startlisten<\/a><br \/><a href=\"https:\/\/www.2024wmac.com\/content\/documents\/2024-WMAC-COMPETITION-SCHEDULE.pdf\" target=\"_blank\" rel=\"noreferrer noopener\">World Masters Athletics Championships (WMAC) G\u00f6teborg 2024 | Zeitplan (PDF)<\/a><br \/><a href=\"https:\/\/meets.rosterathletics.com\/public\/competitions\/details\/participants?id=25549\" target=\"_blank\" rel=\"noreferrer noopener\">World Masters Athletics Championships (WMAC) G\u00f6teborg 2024 | Teilnehmerliste<\/a><\/p>\n\n\n\n<h2 class=\"wp-block-heading\">Bericht<\/h2>\n\n\n\n<p><a href=\"https:\/\/www.oelv.at\/de\/newsshow-kurzmeldungen-15.8.2024\" target=\"_blank\" rel=\"noreferrer noopener\">\u00d6LV | Kurzmeldungen (15.8.2024)<\/a><br \/><a href=\"https:\/\/www.oelv.at\/de\/newsshow-kurzmeldungen-19.8.2024\" data-type=\"link\" data-id=\"https:\/\/www.oelv.at\/de\/newsshow-kurzmeldungen-19.8.2024\" target=\"_blank\" rel=\"noreferrer noopener\">\u00d6LV | Kurzmeldungen (19.8.2024)<\/a><br \/><a href=\"https:\/\/www.oelv.at\/de\/newsshow-kurzmeldungen-22.8.2024\" target=\"_blank\" rel=\"noreferrer noopener\">\u00d6LV | Kurzmeldungen (22.8.2024)<\/a><br \/><a href=\"https:\/\/www.oelv.at\/de\/newsshow-kurzmeldungen-26.8.2024\" target=\"_blank\" rel=\"noreferrer noopener\">\u00d6LV | Kurzmeldungen (26.8.2024)<\/a><\/p>\n\n\n\n<p><a href=\"https:\/\/www.leichtathletik.de\/aktuelles\/news\/news-detail\/79772-masters-wm-tag-1-glaenzender-auftakt-fuer-dlv-team\" target=\"_blank\" rel=\"noreferrer noopener\">Leichtathletik.de | Masters-WM Tag 1 | Gl\u00e4nzender Auftakt f\u00fcr DLV-Team<\/a><br \/><a href=\"https:\/\/www.leichtathletik.de\/aktuelles\/news\/news-detail\/79776-masters-wm-tag-2-medaillenglanz-im-mehrkampf\" target=\"_blank\" rel=\"noreferrer noopener\">Leichtathletik.de | Masters-WM Tag 2 | Medaillenglanz im Mehrkampf<\/a><br \/><a href=\"https:\/\/www.leichtathletik.de\/aktuelles\/news\/news-detail\/79782-masters-wm-tag-3-je-zweimal-gold-im-siebenkampf-und-kugelstossen-titel-fuer-fokke-kramer\" target=\"_blank\" rel=\"noreferrer noopener\">Leichtathletik.de | Masters-WM Tag 3 | Je zweimal Gold im Siebenkampf und Kugelsto\u00dfen, Titel f\u00fcr Fokke Kramer<\/a><br \/><a href=\"https:\/\/www.leichtathletik.de\/aktuelles\/news\/news-detail\/79785-masters-wm-tag-4-vier-deutsche-staffeln-triumphieren\" target=\"_blank\" rel=\"noreferrer noopener\">Leichtathletik.de | Masters-WM Tag 4 | Vier deutsche Staffeln triumphieren<\/a><br \/><a href=\"https:\/\/www.leichtathletik.de\/aktuelles\/news\/news-detail\/79789-masters-wm-tag-5-tatjana-schilling-mit-deutlichem-wm-sieg\" target=\"_blank\" rel=\"noreferrer noopener\">Leichtathletik.de | Masters-WM Tag 5 | Tatjana Schilling mit deutlichem WM-Sieg<\/a><br \/><a href=\"https:\/\/www.leichtathletik.de\/aktuelles\/news\/news-detail\/79791-masters-wm-tag-6-acht-wm-titel-in-goeteborg\" target=\"_blank\" rel=\"noreferrer noopener\">Leichtathletik.de | Masters-WM Tag 6 | Acht WM-Titel in G\u00f6teborg<\/a><br \/><a href=\"https:\/\/www.leichtathletik.de\/aktuelles\/news\/news-detail\/79794-masters-wm-tag-7-margret-klein-raber-holt-sich-mit-deutscher-bestleistung-den-titel\" target=\"_blank\" rel=\"noreferrer noopener\">Leichtathletik.de | Masters-WM Tag 7 | Margret Klein-Raber holt sich mit deutscher Bestleistung den Titel<\/a><br \/><a href=\"https:\/\/www.leichtathletik.de\/aktuelles\/news\/news-detail\/79802-masters-wm-tag-8-norbert-demmel-ueberzeugt-im-regen\" target=\"_blank\" rel=\"noreferrer noopener\">Leichtathletik.de | Masters-WM Tag 8 | Norbert Demmel \u00fcberzeugt im Regen<\/a><br \/><a href=\"https:\/\/www.leichtathletik.de\/aktuelles\/news\/news-detail\/79807-masters-wm-tag-tag-9-zwei-masters-athleten-ruetteln-am-weltrekord\" target=\"_blank\" rel=\"noreferrer noopener\">Leichtathletik.de | Masters-WM Tag 9 | Zwei Masters-Athleten r\u00fctteln am Weltrekord<\/a><br \/><a href=\"https:\/\/www.leichtathletik.de\/aktuelles\/news\/news-detail\/79812-masters-wm-tag-tag-10-miguel-molero-eichwein-siegt-auf-schwierigem-kurs\" target=\"_blank\" rel=\"noreferrer noopener\">Leichtathletik.de | Masters-WM Tag 10 | Miguel Molero-Eichwein siegt auf schwierigem Kurs<\/a><br \/><a href=\"https:\/\/www.leichtathletik.de\/aktuelles\/news\/news-detail\/79818-masters-wm-tag-11-staffel-erfolge-kroenen-wm-abschluss\" target=\"_blank\" rel=\"noreferrer noopener\">Leichtathletik.de | Masters-WM Tag 11 | Staffel-Erfolge kr\u00f6nen WM-Abschluss<\/a><\/p>\n","protected":false},"excerpt":{"rendered":"<p>World Masters Athletics Championships (WMAC) G\u00f6teborg 2024 Vorschau Von 13. bis 25. August finden die World Masters Athletics Weltmeisterschaften in G\u00f6teborg statt. Livestream 13.-25.08.2024 &#8211; kostenpflichtig World Masters Athletics Championships (WMAC) G\u00f6teborg 2024 | Livestream (Kostenpflichtig 24,99$) Masters-WM Tag 6 <a class=\"more-link\" href=\"https:\/\/trackandfield.bplaced.net\/blog\/2024\/08\/world-masters-athletics-championships-wmac-goeteborg-2024-livestream-live-ergebnisse-zeitplan-startlisten\/\"><span class=\"screen-reader-text\">  World Masters Athletics Championships (WMAC) G\u00f6teborg 2024 &#8211; Livestream \/ Live-Ergebnisse \/ Zeitplan \/ Startlisten<\/span> weiterlesen<span class=\"meta-nav\">&rarr;<\/span><\/a><\/p>\n","protected":false},"author":1,"featured_media":0,"comment_status":"closed","ping_status":"closed","sticky":false,"template":"","format":"standard","meta":{"footnotes":""},"categories":[7],"tags":[2738,140,2330,404,3931],"class_list":["post-36715","post","type-post","status-publish","format-standard","hentry","category-international","tag-goeteborg","tag-livestream","tag-masters","tag-wm","tag-wmac"],"_links":{"self":[{"href":"https:\/\/trackandfield.bplaced.net\/blog\/wp-json\/wp\/v2\/posts\/36715","targetHints":{"allow":["GET"]}}],"collection":[{"href":"https:\/\/trackandfield.bplaced.net\/blog\/wp-json\/wp\/v2\/posts"}],"about":[{"href":"https:\/\/trackandfield.bplaced.net\/blog\/wp-json\/wp\/v2\/types\/post"}],"author":[{"embeddable":true,"href":"https:\/\/trackandfield.bplaced.net\/blog\/wp-json\/wp\/v2\/users\/1"}],"replies":[{"embeddable":true,"href":"https:\/\/trackandfield.bplaced.net\/blog\/wp-json\/wp\/v2\/comments?post=36715"}],"version-history":[{"count":5,"href":"https:\/\/trackandfield.bplaced.net\/blog\/wp-json\/wp\/v2\/posts\/36715\/revisions"}],"predecessor-version":[{"id":36861,"href":"https:\/\/trackandfield.bplaced.net\/blog\/wp-json\/wp\/v2\/posts\/36715\/revisions\/36861"}],"wp:attachment":[{"href":"https:\/\/trackandfield.bplaced.net\/blog\/wp-json\/wp\/v2\/media?parent=36715"}],"wp:term":[{"taxonomy":"category","embeddable":true,"href":"https:\/\/trackandfield.bplaced.net\/blog\/wp-json\/wp\/v2\/categories?post=36715"},{"taxonomy":"post_tag","embeddable":true,"href":"https:\/\/trackandfield.bplaced.net\/blog\/wp-json\/wp\/v2\/tags?post=36715"}],"curies":[{"name":"wp","href":"https:\/\/api.w.org\/{rel}","templated":true}]}}