{"id":37902,"date":"2025-02-21T19:58:00","date_gmt":"2025-02-21T18:58:00","guid":{"rendered":"https:\/\/trackandfield.bplaced.net\/?p=37902"},"modified":"2025-05-03T11:58:55","modified_gmt":"2025-05-03T09:58:55","slug":"oesterreichische-hallen-staatsmeisterschaften-oem-u18-linz-2025-livestream-tv-zeiten-live-ergebnisse-zeitplan-startlisten","status":"publish","type":"post","link":"https:\/\/trackandfield.bplaced.net\/blog\/2025\/02\/oesterreichische-hallen-staatsmeisterschaften-oem-u18-linz-2025-livestream-tv-zeiten-live-ergebnisse-zeitplan-startlisten\/","title":{"rendered":"\u00d6sterreichische Hallen-Staatsmeisterschaften + \u00d6M U18 Linz 2025 &#8211; Livestream \/ TV-Zeiten \/ Live-Ergebnisse \/ Zeitplan \/ Startlisten"},"content":{"rendered":"\n<h2 class=\"wp-block-heading\" id=\"vorschau\">Vorschau<\/h2>\n\n\n\n<p>Die \u00d6sterreichischen Staatsmeisterschaften + U18-\u00d6M in der Halle finden am Samstag und Sonntag in der Linzer Tips Arena statt. Ein Livestream durch <a href=\"https:\/\/streamster.tv\/\" target=\"_blank\" rel=\"noreferrer noopener\">Streamster.tv<\/a> ist f\u00fcr alle Bewerbe verf\u00fcgbar. Der Eintritt ist frei.<\/p>\n\n\n\n<p><a href=\"https:\/\/www.oelv.at\/de\/newsshow-vorschau-hallen-staatsmeisterschaften-in-linz3\" target=\"_blank\" rel=\"noreferrer noopener\">\u00d6LV | Vorschau: Hallen-Staatsmeisterschaften in Linz<\/a><br \/><a href=\"https:\/\/www.oelv.at\/de\/newsshow-vorschau-oesterreichische-u18-hallenmeisterschaften2\" target=\"_blank\" rel=\"noreferrer noopener\">\u00d6LV | Vorschau: \u00d6sterreichische U18-Hallenmeisterschaften<\/a><br \/><a href=\"https:\/\/www.oelv.at\/de\/newsshow-hallen-staats-organisatorisches-von-a-bis-z\" target=\"_blank\" rel=\"noreferrer noopener\">\u00d6LV | Hallen-Staats: Organisatorisches von A bis Z<\/a><\/p>\n\n\n\n<h2 class=\"wp-block-heading\" id=\"livestream-26-27-02-2022\">Livestream 22.\/23.02.2025<\/h2>\n\n\n\n<h3 class=\"wp-block-heading\" id=\"samstag-ab-11-55-uhr\">Samstag ab 11:50 Uhr<\/h3>\n\n\n\n<p><a href=\"https:\/\/www.youtube.com\/embed\/cW5KYCfFBM4\" target=\"_blank\" rel=\"noreferrer noopener\">Leichtathletik Hallen-Staatsmeisterschaften + \u00d6M U18 Linz 2025 | Livestream Samstag<\/a><br \/><a href=\"https:\/\/streamster.tv\/events\/la-hallen-oestm-2025-1\/\" target=\"_blank\" rel=\"noreferrer noopener\">Leichtathletik Hallen-Staatsmeisterschaften + \u00d6M U18 Linz 2025 | Livestream Samstag<\/a><\/p>\n\n\n\n<iframe loading=\"lazy\" width=\"560\" height=\"315\" src=\"https:\/\/www.youtube.com\/embed\/cW5KYCfFBM4?si=wUozR5MsafJ6hWnK\" title=\"YouTube video player\" frameborder=\"0\" allow=\"accelerometer; autoplay; clipboard-write; encrypted-media; gyroscope; picture-in-picture; web-share\" referrerpolicy=\"strict-origin-when-cross-origin\" allowfullscreen><\/iframe>\n\n\n\n<h3 class=\"wp-block-heading\" id=\"sonntag-ab-10-25-uhr\">Sonntag ab 9:50 Uhr<\/h3>\n\n\n\n<p><a href=\"https:\/\/www.youtube.com\/embed\/i9VnBVWXRrE\" target=\"_blank\" rel=\"noreferrer noopener\">Leichtathletik Hallen-Staatsmeisterschaften + \u00d6M U18 Linz 2025 | Livestream Sonntag<\/a><br \/><a href=\"https:\/\/streamster.tv\/events\/la-hallen-oestm-2025-2\/\" target=\"_blank\" rel=\"noreferrer noopener\">Leichtathletik Hallen-Staatsmeisterschaften + \u00d6M U18 Linz 2025 | Livestream Sonntag<\/a><\/p>\n\n\n\n<iframe loading=\"lazy\" width=\"560\" height=\"315\" src=\"https:\/\/www.youtube.com\/embed\/i9VnBVWXRrE?si=oMZTeS8p6_sk7exI\" title=\"YouTube video player\" frameborder=\"0\" allow=\"accelerometer; autoplay; clipboard-write; encrypted-media; gyroscope; picture-in-picture; web-share\" referrerpolicy=\"strict-origin-when-cross-origin\" allowfullscreen><\/iframe>\n\n\n\n<h2 class=\"wp-block-heading\" id=\"live-ergebnisse-startlisten-zeitplan\">Live-Ergebnisse \/ Startlisten \/ Zeitplan<\/h2>\n\n\n\n<p><a href=\"https:\/\/oelv.athmin.at\/event-details.aspx?event=33142\" target=\"_blank\" rel=\"noreferrer noopener\">Leichtathletik Hallen-Staatsmeisterschaften + \u00d6M U18 Linz 2025 | Live-Ergebnisse \/ Startlisten \/ Zeitplan<\/a><\/p>\n\n\n\n<h2 class=\"wp-block-heading\" id=\"tv-zeiten\">TV-Zeiten<\/h2>\n\n\n\n<p>ORF Sport-Bild \u00fcbertr\u00e4gt am 2.3. um 8:45 Uhr einen Kurzbericht. Ein l\u00e4ngerer Bericht auf <a href=\"https:\/\/tv.orf.at\/leichtathl218.html\" target=\"_blank\" rel=\"noreferrer noopener\">Sport+ (30 Minuten)<\/a> wird am 27.02. um 19:30 Uhr erstmals ausgestrahlt.<\/p>\n\n\n\n<h2 class=\"wp-block-heading\" id=\"fotos\">Fotos<\/h2>\n\n\n\n<p><a href=\"https:\/\/www.flickr.com\/photos\/austrianathletics\/albums\/72177720323932714\" target=\"_blank\" rel=\"noreferrer noopener\">Austrian Athletics (Flickr) | 2025 \u00d6STM Halle, Linz \u00a9wolf.amri<\/a><\/p>\n\n\n\n<a data-flickr-embed=\"true\" href=\"https:\/\/www.flickr.com\/photos\/austrianathletics\/albums\/72177720323932714\" title=\"2025 Hallen-Staatsmeisterschaften, Linz - 22.\/23.2.\"><img loading=\"lazy\" decoding=\"async\" src=\"https:\/\/live.staticflickr.com\/65535\/54335879269_77ea62a39d_z.jpg\" width=\"640\" height=\"480\" alt=\"2025 Hallen-Staatsmeisterschaften, Linz - 22.\/23.2.\"\/><\/a><script async src=\"\/\/embedr.flickr.com\/assets\/client-code.js\" charset=\"utf-8\"><\/script>\n\n\n\n<h2 class=\"wp-block-heading\" id=\"videos\">Videos<\/h2>\n\n\n\n<p><a rel=\"noreferrer noopener\" href=\"https:\/\/www.youtube.com\/playlist?list=PLV7HCrp49-jwgcDjF7IkNPfNQPS428zWw\" target=\"_blank\">\u00d6M Halle | Youtube Playliste<\/a><\/p>\n\n\n\n<iframe loading=\"lazy\" src=\"https:\/\/www.youtube.com\/embed\/t6PXdqWkxcc?list=PLV7HCrp49-jwgcDjF7IkNPfNQPS428zWw\" allow=\"accelerometer; autoplay; clipboard-write; encrypted-media; gyroscope; picture-in-picture\" allowfullscreen=\"\" width=\"560\" height=\"315\" frameborder=\"0\"><\/iframe>\n\n\n\n<h2 class=\"wp-block-heading\" id=\"bericht\">Bericht<\/h2>\n\n\n\n<h3 class=\"wp-block-heading\" id=\"tag-1\">Tag 1<\/h3>\n\n\n\n<p><a href=\"https:\/\/www.oelv.at\/de\/newsshow-hallen-staatsmeisterschaften-bredlinger-hauchduenn-am-hallen-em-limit-vorbei-pallitsch-und-lindner-stark\" target=\"_blank\" rel=\"noreferrer noopener\">\u00d6LV | Hallen-Staatsmeisterschaften: Bredlinger hauchd\u00fcnn am Hallen-EM-Limit vorbei, Pallitsch und Lindner stark<\/a><br \/><a href=\"https:\/\/www.oelv.at\/de\/newsshow-tag-1-8211-oesterr.-u18-hallenmeisterschaft\" target=\"_blank\" rel=\"noreferrer noopener\">\u00d6LV | Tag 1 \u2013 \u00d6sterr. U18-Hallenmeisterschaft<\/a><\/p>\n\n\n\n<h3 class=\"wp-block-heading\" id=\"tag-2\">Tag 2<\/h3>\n\n\n\n<p><a href=\"https:\/\/www.oelv.at\/de\/newsshow-hallen-staatsmeisterschaften-gogl-walli-pallitsch-und-seiler-mit-zwei-mal-gold-huerdenlaeufer-zeigen-top-form\" target=\"_blank\" rel=\"noreferrer noopener\">\u00d6LV | Hallen-Staatsmeisterschaften: Gogl-Walli, Pallitsch und Seiler mit zwei Mal Gold, H\u00fcrdenl\u00e4ufer zeigen Top-Form<\/a><br \/><a href=\"https:\/\/www.oelv.at\/de\/newsshow-tag-2-8211-oesterr.-u18-hallenmeisterschaften\" target=\"_blank\" rel=\"noreferrer noopener\">\u00d6LV | Tag 2 \u2013 \u00d6sterr. U18-Hallenmeisterschaften<\/a><\/p>\n","protected":false},"excerpt":{"rendered":"<p>Vorschau Die \u00d6sterreichischen Staatsmeisterschaften + U18-\u00d6M in der Halle finden am Samstag und Sonntag in der Linzer Tips Arena statt. Ein Livestream durch Streamster.tv ist f\u00fcr alle Bewerbe verf\u00fcgbar. Der Eintritt ist frei. \u00d6LV | Vorschau: Hallen-Staatsmeisterschaften in Linz\u00d6LV | <a class=\"more-link\" href=\"https:\/\/trackandfield.bplaced.net\/blog\/2025\/02\/oesterreichische-hallen-staatsmeisterschaften-oem-u18-linz-2025-livestream-tv-zeiten-live-ergebnisse-zeitplan-startlisten\/\"><span class=\"screen-reader-text\">  \u00d6sterreichische Hallen-Staatsmeisterschaften + \u00d6M U18 Linz 2025 &#8211; Livestream \/ TV-Zeiten \/ Live-Ergebnisse \/ Zeitplan \/ Startlisten<\/span> weiterlesen<span class=\"meta-nav\">&rarr;<\/span><\/a><\/p>\n","protected":false},"author":1,"featured_media":0,"comment_status":"closed","ping_status":"closed","sticky":false,"template":"","format":"standard","meta":{"footnotes":""},"categories":[8],"tags":[3574,1948,3431,3607,311,786,3366,135,140,3018,3575,3413,3469,646,996,240,1442,601,543],"class_list":["post-37902","post","type-post","status-publish","format-standard","hentry","category-national","tag-alexander-auer","tag-austrian-athletics","tag-caroline-bredlinger","tag-elias-lachkovics","tag-ivona-dadic","tag-karin-strametz","tag-kevin-kamenschak","tag-linz","tag-livestream","tag-lotte-seiler","tag-magdalena-rauter","tag-marcel-tobler","tag-niklas-strohmayer-dangl","tag-olv","tag-ooelv","tag-raphael-pallitsch","tag-sarah-lagger","tag-susanne-gogl-walli","tag-verena-mayr"],"_links":{"self":[{"href":"https:\/\/trackandfield.bplaced.net\/blog\/wp-json\/wp\/v2\/posts\/37902","targetHints":{"allow":["GET"]}}],"collection":[{"href":"https:\/\/trackandfield.bplaced.net\/blog\/wp-json\/wp\/v2\/posts"}],"about":[{"href":"https:\/\/trackandfield.bplaced.net\/blog\/wp-json\/wp\/v2\/types\/post"}],"author":[{"embeddable":true,"href":"https:\/\/trackandfield.bplaced.net\/blog\/wp-json\/wp\/v2\/users\/1"}],"replies":[{"embeddable":true,"href":"https:\/\/trackandfield.bplaced.net\/blog\/wp-json\/wp\/v2\/comments?post=37902"}],"version-history":[{"count":5,"href":"https:\/\/trackandfield.bplaced.net\/blog\/wp-json\/wp\/v2\/posts\/37902\/revisions"}],"predecessor-version":[{"id":38557,"href":"https:\/\/trackandfield.bplaced.net\/blog\/wp-json\/wp\/v2\/posts\/37902\/revisions\/38557"}],"wp:attachment":[{"href":"https:\/\/trackandfield.bplaced.net\/blog\/wp-json\/wp\/v2\/media?parent=37902"}],"wp:term":[{"taxonomy":"category","embeddable":true,"href":"https:\/\/trackandfield.bplaced.net\/blog\/wp-json\/wp\/v2\/categories?post=37902"},{"taxonomy":"post_tag","embeddable":true,"href":"https:\/\/trackandfield.bplaced.net\/blog\/wp-json\/wp\/v2\/tags?post=37902"}],"curies":[{"name":"wp","href":"https:\/\/api.w.org\/{rel}","templated":true}]}}