{"id":38666,"date":"2025-05-24T23:08:00","date_gmt":"2025-05-24T21:08:00","guid":{"rendered":"https:\/\/trackandfield.bplaced.net\/?p=38666"},"modified":"2025-05-25T22:00:22","modified_gmt":"2025-05-25T20:00:22","slug":"ifam-outdoor-brussels-2025-livestream-live-ergebnisse-startlisten-zeitplan","status":"publish","type":"post","link":"https:\/\/trackandfield.bplaced.net\/blog\/2025\/05\/ifam-outdoor-brussels-2025-livestream-live-ergebnisse-startlisten-zeitplan\/","title":{"rendered":"IFAM Outdoor Brussels 2025 &#8211; Livestream \/ Live-Ergebnisse \/ Startlisten \/ Zeitplan"},"content":{"rendered":"\n<h1 class=\"wp-block-heading\"><a href=\"http:\/\/www.ifam.be\/\" target=\"_blank\" rel=\"noreferrer noopener\">IFAM (International Flanders Athletics Meeting)<\/a><\/h1>\n\n\n\n<h2 class=\"wp-block-heading\">Vorschau<\/h2>\n\n\n\n<p>Wie immer sind einige \u00d6LV-Athlet:innen beim IFAM Meeting diesmal zweit\u00e4gig in Br\u00fcssel auf der Meldeliste zu finden. Unter anderem Sebastian Frey (DSG Wien), Lena Millonig, Marcel Tobler (ULC Riverside M\u00f6dling) und einige mehr stehen darauf.<\/p>\n\n\n\n<h2 class=\"wp-block-heading\">Livestream &#8211; Paywall 24.\/25.05.2025<\/h2>\n\n\n\n<p><a href=\"https:\/\/livestream.maspoe.be\/login\" target=\"_blank\" rel=\"noreferrer noopener\">IFAM Brussels 2025 | Livestream (nur mit Registrierung + Paywall 6\u20ac)<\/a><\/p>\n\n\n\n\n\n<h2 class=\"wp-block-heading\">Startlisten \/ Zeitplan \/ Live-Ergebnisse<\/h2>\n\n\n\n<p><a href=\"https:\/\/www.athletics.app\/wedstrijd\/uitslagen\/42196\/\" data-type=\"link\" data-id=\"https:\/\/www.athletics.app\/wedstrijd\/uitslagen\/42196\/\" target=\"_blank\" rel=\"noreferrer noopener\">IFAM Brussels 2025 | Live-Ergebnisse<\/a><br \/><a href=\"https:\/\/www.athletics.app\/wedstrijd\/chronoloog\/42196\/\" data-type=\"link\" data-id=\"https:\/\/www.athletics.app\/wedstrijd\/chronoloog\/42196\/\" target=\"_blank\" rel=\"noreferrer noopener\">IFAM Brussels 2025 | Zeitplan \/ Meldelisten<\/a><br \/><a href=\"https:\/\/www.athletics.app\/wedstrijd\/atleten\/42196\/\" target=\"_blank\" rel=\"noreferrer noopener\">IFAM Br\u00fcssel 2025 | Teilnehmer<\/a><br \/><a href=\"https:\/\/primary.jwwb.nl\/public\/m\/b\/d\/temp-stfxpoytrteuhwaedilc\/timetable-ifam-brussel-versie-02052025-standard.jpg\" target=\"_blank\" rel=\"noreferrer noopener\">IFAM Br\u00fcssel 2025 | Zeitplan<\/a><\/p>\n\n\n\n<h2 class=\"wp-block-heading\">Bericht<\/h2>\n\n\n\n<p><a href=\"https:\/\/www.leichtathletik.de\/aktuelles\/news\/news-detail\/80666-hindernis-asse-stechen-in-bruessel\" target=\"_blank\" rel=\"noreferrer noopener\">Leichtathletik.de | Hindernis-Asse stechen in Br\u00fcssel<\/a><\/p>\n","protected":false},"excerpt":{"rendered":"<p>IFAM (International Flanders Athletics Meeting) Vorschau Wie immer sind einige \u00d6LV-Athlet:innen beim IFAM Meeting diesmal zweit\u00e4gig in Br\u00fcssel auf der Meldeliste zu finden. Unter anderem Sebastian Frey (DSG Wien), Lena Millonig, Marcel Tobler (ULC Riverside M\u00f6dling) und einige mehr stehen <a class=\"more-link\" href=\"https:\/\/trackandfield.bplaced.net\/blog\/2025\/05\/ifam-outdoor-brussels-2025-livestream-live-ergebnisse-startlisten-zeitplan\/\"><span class=\"screen-reader-text\">  IFAM Outdoor Brussels 2025 &#8211; Livestream \/ Live-Ergebnisse \/ Startlisten \/ Zeitplan<\/span> weiterlesen<span class=\"meta-nav\">&rarr;<\/span><\/a><\/p>\n","protected":false},"author":1,"featured_media":0,"comment_status":"closed","ping_status":"closed","sticky":false,"template":"","format":"standard","meta":{"footnotes":""},"categories":[7],"tags":[3205,396,3607,3741,1283,3470,741,2767,140,3413,3466,3469,3028,3883],"class_list":["post-38666","post","type-post","status-publish","format-standard","hentry","category-international","tag-bernhard-neumann","tag-brussel","tag-elias-lachkovics","tag-fabio-fister","tag-ifam","tag-klaus-gruenbart","tag-lena-millonig","tag-leo-koehldorfer","tag-livestream","tag-marcel-tobler","tag-marie-glaser","tag-niklas-strohmayer-dangl","tag-sebastian-frey","tag-wact-bronze"],"_links":{"self":[{"href":"https:\/\/trackandfield.bplaced.net\/blog\/wp-json\/wp\/v2\/posts\/38666","targetHints":{"allow":["GET"]}}],"collection":[{"href":"https:\/\/trackandfield.bplaced.net\/blog\/wp-json\/wp\/v2\/posts"}],"about":[{"href":"https:\/\/trackandfield.bplaced.net\/blog\/wp-json\/wp\/v2\/types\/post"}],"author":[{"embeddable":true,"href":"https:\/\/trackandfield.bplaced.net\/blog\/wp-json\/wp\/v2\/users\/1"}],"replies":[{"embeddable":true,"href":"https:\/\/trackandfield.bplaced.net\/blog\/wp-json\/wp\/v2\/comments?post=38666"}],"version-history":[{"count":3,"href":"https:\/\/trackandfield.bplaced.net\/blog\/wp-json\/wp\/v2\/posts\/38666\/revisions"}],"predecessor-version":[{"id":38715,"href":"https:\/\/trackandfield.bplaced.net\/blog\/wp-json\/wp\/v2\/posts\/38666\/revisions\/38715"}],"wp:attachment":[{"href":"https:\/\/trackandfield.bplaced.net\/blog\/wp-json\/wp\/v2\/media?parent=38666"}],"wp:term":[{"taxonomy":"category","embeddable":true,"href":"https:\/\/trackandfield.bplaced.net\/blog\/wp-json\/wp\/v2\/categories?post=38666"},{"taxonomy":"post_tag","embeddable":true,"href":"https:\/\/trackandfield.bplaced.net\/blog\/wp-json\/wp\/v2\/tags?post=38666"}],"curies":[{"name":"wp","href":"https:\/\/api.w.org\/{rel}","templated":true}]}}