{"id":38875,"date":"2025-06-13T23:33:00","date_gmt":"2025-06-13T21:33:00","guid":{"rendered":"https:\/\/trackandfield.bplaced.net\/?p=38875"},"modified":"2025-06-15T17:34:54","modified_gmt":"2025-06-15T15:34:54","slug":"sparkassen-gala-regensburg-2025-livestream-live-ergebnisse-zeitplan-meldelisten","status":"publish","type":"post","link":"https:\/\/trackandfield.bplaced.net\/blog\/2025\/06\/sparkassen-gala-regensburg-2025-livestream-live-ergebnisse-zeitplan-meldelisten\/","title":{"rendered":"Sparkassen-Gala Regensburg 2025 &#8211; Livestream \/ Live-Ergebnisse \/ Zeitplan \/ Meldelisten"},"content":{"rendered":"\n<h1 class=\"wp-block-heading\"><a href=\"https:\/\/www.sparkassen-gala.de\/\" target=\"_blank\" rel=\"noreferrer noopener\">Sparkassen-Gala Regensburg<\/a><\/h1>\n\n\n\n<h2 class=\"wp-block-heading\">Vorschau<\/h2>\n\n\n\n<p>Am Samstag und Sonntag findet die Sparkassen-Gala in Regensburg statt. Wie jedes Jahr sind auch sehr viele \u00d6sterreicher:innen auf der Teilnehmerliste zu finden. F\u00fcr Samstag ist ein Stream angek\u00fcndigt.<\/p>\n\n\n\n<p><a href=\"https:\/\/www.oelv.at\/de\/newsshow-kurzmeldungen-12.6.2025\" target=\"_blank\" rel=\"noreferrer noopener\">\u00d6LV | Kurzmeldungen (12.6.2025)<\/a><\/p>\n\n\n\n<p><a href=\"https:\/\/www.leichtathletik.de\/aktuelles\/news\/news-detail\/80749-richtungsweisende-sprints-mit-deutscher-top-besetzung-in-regensburg\" target=\"_blank\" rel=\"noreferrer noopener\">Leichtathletik.de | Richtungsweisende Sprints mit deutscher Top-Besetzung in Regensburg<\/a><\/p>\n\n\n\n<h2 class=\"wp-block-heading\">Livestream 14.06.2025 &#8211; ab 12:30 Uhr<\/h2>\n\n\n\n<p><a href=\"https:\/\/www.youtube.com\/watch?v=WuHJj66rmRs\" target=\"_blank\" rel=\"noreferrer noopener\">Sparkassen-Gala Regensburg 2025 | Livestream Samstag (Youtube)<\/a><\/p>\n\n\n\n<iframe loading=\"lazy\" width=\"560\" height=\"315\" src=\"https:\/\/www.youtube.com\/embed\/WuHJj66rmRs?si=1YzXRjRSIlg8MGHt\" title=\"YouTube video player\" frameborder=\"0\" allow=\"accelerometer; autoplay; clipboard-write; encrypted-media; gyroscope; picture-in-picture; web-share\" referrerpolicy=\"strict-origin-when-cross-origin\" allowfullscreen><\/iframe>\n\n\n\n<h2 class=\"wp-block-heading\">Live-Ergebnisse \/ Zeitplan \/ Startlisten<\/h2>\n\n\n\n<p><a href=\"https:\/\/red.laportal.net\/Competitions\/Details\/16371\" target=\"_blank\" rel=\"noreferrer noopener\">Sparkassen-Gala Regensburg 2025 | Live-Ergebnisse \/ Zeitplan \/ Startlisten<\/a><br \/><a href=\"https:\/\/red.laportal.net\/CIS\/Timetable?compid=16371\" data-type=\"link\" data-id=\"https:\/\/red.laportal.net\/CIS\/Timetable?compid=16371\" target=\"_blank\" rel=\"noreferrer noopener\">Sparkassen-Gala Regensburg 2025 | Live-Ergebnisse (CIS) \/ Zeitplan \/ Startlisten<\/a><\/p>\n\n\n\n<p><a href=\"https:\/\/sparkassen-gala.de\/14_15-06_SparkassenGala_Zeitplan\" target=\"_blank\" rel=\"noreferrer noopener\">Sparkassen-Gala Regensburg 2025 | Zeitplan (PDF)<\/a><\/p>\n\n\n\n<h2 class=\"wp-block-heading\">Fotos<\/h2>\n\n\n\n<p><a href=\"https:\/\/www.sparkassen-gala.de\/rueckblick.php\" target=\"_blank\" rel=\"noreferrer noopener\">Sparkassen-Gala Regensburg | Fotos<\/a><\/p>\n\n\n\n<h2 class=\"wp-block-heading\">Bericht<\/h2>\n\n\n\n<p><a href=\"https:\/\/www.leichtathletik.de\/aktuelles\/news\/news-detail\/80758-1000-sekunden-lucas-ansah-peprah-kroent-sprint-gala\" target=\"_blank\" rel=\"noreferrer noopener\">Leichtathletik.de | 10,00 Sekunden: Lucas Ansah-Peprah kr\u00f6nt Sprint-Gala<\/a><br \/><a href=\"https:\/\/www.leichtathletik.de\/aktuelles\/news\/news-detail\/80761-deutsche-langsprint-staffeln-ueberzeugen-am-zweiten-gala-tag\" target=\"_blank\" rel=\"noreferrer noopener\">Leichtathletik.de | Deutsche Langsprint-Staffeln \u00fcberzeugen am zweiten Gala-Tag<\/a><\/p>\n","protected":false},"excerpt":{"rendered":"<p>Sparkassen-Gala Regensburg Vorschau Am Samstag und Sonntag findet die Sparkassen-Gala in Regensburg statt. Wie jedes Jahr sind auch sehr viele \u00d6sterreicher:innen auf der Teilnehmerliste zu finden. F\u00fcr Samstag ist ein Stream angek\u00fcndigt. \u00d6LV | Kurzmeldungen (12.6.2025) Leichtathletik.de | Richtungsweisende Sprints <a class=\"more-link\" href=\"https:\/\/trackandfield.bplaced.net\/blog\/2025\/06\/sparkassen-gala-regensburg-2025-livestream-live-ergebnisse-zeitplan-meldelisten\/\"><span class=\"screen-reader-text\">  Sparkassen-Gala Regensburg 2025 &#8211; Livestream \/ Live-Ergebnisse \/ Zeitplan \/ Meldelisten<\/span> weiterlesen<span class=\"meta-nav\">&rarr;<\/span><\/a><\/p>\n","protected":false},"author":1,"featured_media":0,"comment_status":"closed","ping_status":"closed","sticky":false,"template":"","format":"standard","meta":{"footnotes":""},"categories":[7],"tags":[3790,3264,3528,3024,3848,2647,3470,3809,3025,140,2116,3466,3910,3988,3469,3619,3615,588,3213,587,3807,3742,3847],"class_list":["post-38875","post","type-post","status-publish","format-standard","hentry","category-international","tag-alessandro-greco","tag-andreas-wolf","tag-anja-dlauhy","tag-anna-mager","tag-helene-vogel","tag-ingeborg-gruenwald","tag-klaus-gruenbart","tag-lenia-standfest","tag-leo-lasch","tag-livestream","tag-magdalena-lindner","tag-marie-glaser","tag-markus-locsmandy","tag-moyo-bardi","tag-niklas-strohmayer-dangl","tag-patricia-brunninger","tag-pauline-schedler","tag-regensburg","tag-samuel-szihn","tag-sparkassen-gala","tag-suri-stoehr","tag-tabea-schmid","tag-vasily-klimov"],"_links":{"self":[{"href":"https:\/\/trackandfield.bplaced.net\/blog\/wp-json\/wp\/v2\/posts\/38875","targetHints":{"allow":["GET"]}}],"collection":[{"href":"https:\/\/trackandfield.bplaced.net\/blog\/wp-json\/wp\/v2\/posts"}],"about":[{"href":"https:\/\/trackandfield.bplaced.net\/blog\/wp-json\/wp\/v2\/types\/post"}],"author":[{"embeddable":true,"href":"https:\/\/trackandfield.bplaced.net\/blog\/wp-json\/wp\/v2\/users\/1"}],"replies":[{"embeddable":true,"href":"https:\/\/trackandfield.bplaced.net\/blog\/wp-json\/wp\/v2\/comments?post=38875"}],"version-history":[{"count":5,"href":"https:\/\/trackandfield.bplaced.net\/blog\/wp-json\/wp\/v2\/posts\/38875\/revisions"}],"predecessor-version":[{"id":38908,"href":"https:\/\/trackandfield.bplaced.net\/blog\/wp-json\/wp\/v2\/posts\/38875\/revisions\/38908"}],"wp:attachment":[{"href":"https:\/\/trackandfield.bplaced.net\/blog\/wp-json\/wp\/v2\/media?parent=38875"}],"wp:term":[{"taxonomy":"category","embeddable":true,"href":"https:\/\/trackandfield.bplaced.net\/blog\/wp-json\/wp\/v2\/categories?post=38875"},{"taxonomy":"post_tag","embeddable":true,"href":"https:\/\/trackandfield.bplaced.net\/blog\/wp-json\/wp\/v2\/tags?post=38875"}],"curies":[{"name":"wp","href":"https:\/\/api.w.org\/{rel}","templated":true}]}}