{"id":38990,"date":"2025-06-26T20:28:00","date_gmt":"2025-06-26T18:28:00","guid":{"rendered":"https:\/\/trackandfield.bplaced.net\/?p=38990"},"modified":"2025-06-29T22:30:43","modified_gmt":"2025-06-29T20:30:43","slug":"european-athletics-team-championships-division-2-team-em-maribor-2025-livestream-live-ergebnisse-teamwertung-zeitplan-startlisten","status":"publish","type":"post","link":"https:\/\/trackandfield.bplaced.net\/blog\/2025\/06\/european-athletics-team-championships-division-2-team-em-maribor-2025-livestream-live-ergebnisse-teamwertung-zeitplan-startlisten\/","title":{"rendered":"European Athletics Team Championships Division 2 (Team-EM) Maribor 2025 &#8211; Livestream \/ Live-Ergebnisse \/ Teamwertung \/ Zeitplan \/ Startlisten"},"content":{"rendered":"\n<h1 class=\"wp-block-heading\"><a href=\"https:\/\/www.european-athletics.com\/competitions\/european-athletics-team-championships\/overview\" target=\"_blank\" rel=\"noreferrer noopener\">European Athletics Team Championships<\/a><\/h1>\n\n\n\n<h2 class=\"wp-block-heading\">Vorschau<\/h2>\n\n\n\n<p>Im slowenischen Maribor finden am Samstag und Sonntag die Team Europameisterschaft der zweiten Division mit \u00d6sterreich statt. ORF \u00fcbertr\u00e4gt die Team-EM am Samstag Live von 14:25 Uhr bis 20 Uhr auf ORF Sport+. Am Sonntag ebenso von 14:30-17 Uhr auf ORF Sport+ und bis 20 Uhr auf ORF ON.<\/p>\n\n\n\n<p><a href=\"https:\/\/www.oelv.at\/de\/newsshow-vorschau-team-em-2.-liga-in-maribor-slo\" target=\"_blank\" rel=\"noreferrer noopener\">\u00d6LV | Vorschau: Team-EM 2. Liga in Maribor (SLO)<\/a><br \/><a href=\"https:\/\/www.oelv.at\/de\/newsshow-team-em-oesterreichs-team-fuer-maribor-steht-mit-einer-ausnahme-fest\" target=\"_blank\" rel=\"noreferrer noopener\">\u00d6LV | Team-EM: \u00d6sterreichs Team f\u00fcr Maribor steht mit einer Ausnahme fest<\/a><\/p>\n\n\n\n<h2 class=\"wp-block-heading\">Livestream &#8211; 28.-29.06.2025<\/h2>\n\n\n\n<p><a href=\"https:\/\/on.orf.at\/livestream\/14436922\/leichtathletik-team-em-2-division-2025-tag-1-aus-maribor\" target=\"_blank\" rel=\"noreferrer noopener\">Team-EM Division 2 Maribor 2025 | Livestream Samstag (ORF ON)<\/a><br \/><a href=\"https:\/\/on.orf.at\/livestream\/14437128\/leichtathletik-team-em-2-division-2025-tag-2-aus-maribor-in-voller-laenge\" target=\"_blank\" rel=\"noreferrer noopener\">Team-EM Division 2 Maribor 2025 | Livestream Sonntag (ORF ON)<\/a><\/p>\n\n\n\n<p><a href=\"https:\/\/on.orf.at\/live?channel=orfs\" target=\"_blank\" rel=\"noreferrer noopener\">Team-EM Division 2 Maribor 2025 | Livestream (ORF ON)<\/a><\/p>\n\n\n\n<p><a href=\"https:\/\/tv.orf.at\/program\/orfs\/liveleicht244.html\" target=\"_blank\" rel=\"noreferrer noopener\">Team-EM Division 2 Maribor 2025 | Livestream Samstag (ORF)<\/a><br \/><a href=\"https:\/\/tv.orf.at\/program\/orfs\/liveleicht246.html\" target=\"_blank\" rel=\"noreferrer noopener\">Team-EM Division 2 Maribor 2025 | Livestream Sonntag (ORF)<\/a><\/p>\n\n\n\n\n\n<p><a href=\"https:\/\/www.european-athletics.com\/home\/live-stream\/european-athletics-team-championships-2nd-division\" target=\"_blank\" rel=\"noreferrer noopener\">Team-EM Division 2 Maribor 2025 | Livestream (European Athletics)<\/a><\/p>\n\n\n\n<p><a href=\"https:\/\/eurovisionsport.com\/explore\/competition?id=Generic-Schedule-Landing-Page&amp;cId=20250628EAMaribor\">Team-EM Division 2 Maribor 2025 | Livestream (Eurovisionsport)<\/a><\/p>\n\n\n\n<h2 class=\"wp-block-heading\">Live-Ergebnisse \/ Zeitplan \/ Meldelisten<\/h2>\n\n\n\n<p><a href=\"https:\/\/live.european-athletics.com\/maribor-d2-2025\/timetable\" data-type=\"link\" data-id=\"https:\/\/live.european-athletics.com\/maribor-d2-2025\/timetable\" target=\"_blank\" rel=\"noreferrer noopener\">Team-EM Division 2 Maribor 2025 | Live-Ergebnisse \/ Zeitplan \/ Startlisten (nur mit Registrierung)<\/a><\/p>\n\n\n\n<p><a href=\"https:\/\/www.european-athletics.com\/home\/competitions\/european-athletics-team-championships-division-2-and-3\/timetable\" target=\"_blank\" rel=\"noreferrer noopener\">Team-EM Division 2 Maribor 2025 | Zeitplan<\/a><br \/><a href=\"https:\/\/european-athletics.directus.app\/assets\/d816e849-35d5-4383-a0e5-13ecb35a0190\/ETCH25-2D%20-%20FE%20-%20Final%20Entries%20Athletes%20List%20By%20Event.pdf\" target=\"_blank\" rel=\"noreferrer noopener\">Team-EM Division 2 Maribor 2025 | Meldelisten nach L\u00e4nder (PDF)<\/a><br \/><a href=\"https:\/\/european-athletics.directus.app\/assets\/fc2005cf-405e-43e8-bb25-44a6479fc5ce\/ETCH25-2D%20-%20FE%20-%20Final%20Entries%20Athletes%20List%20By%20Event%20and%20SB.pdf\" target=\"_blank\" rel=\"noreferrer noopener\">Team-EM Division 2 Maribor 2025 | Meldelisten nach SB (PDF)<\/a><\/p>\n\n\n\n<h2 class=\"wp-block-heading\">Fotos<\/h2>\n\n\n\n<p><a href=\"https:\/\/www.flickr.com\/photos\/austrianathletics\/albums\/72177720327001540\" target=\"_blank\" rel=\"noreferrer noopener\">Austrian Athletics (Flickr) | 2025 European Team Championships, Maribor\/SLO, 28-29.6.<\/a><\/p>\n\n\n\n<a data-flickr-embed=\"true\" href=\"https:\/\/www.flickr.com\/photos\/austrianathletics\/albums\/72177720327001540\" title=\"2025 European Team Championships, Maribor\/SLO, 28-29.6.\"><img loading=\"lazy\" decoding=\"async\" src=\"https:\/\/live.staticflickr.com\/65535\/54603683929_7d0fbd94a5_h.jpg\" width=\"560\" height=\"315\" alt=\"2025 European Team Championships, Maribor\/SLO, 28-29.6.\"\/><\/a><script async src=\"\/\/embedr.flickr.com\/assets\/client-code.js\" charset=\"utf-8\"><\/script>\n\n\n\n<h2 class=\"wp-block-heading\">Bericht<\/h2>\n\n\n\n<p><a href=\"https:\/\/www.oelv.at\/de\/newsshow-team-em-maribor-oesterreich-nach-tag-1-auf-grossartigem-zwischenrang-7-hudson-mit-rekord-world-lead-und-wm-limit-auch-bredlinger-loest-ticket-fuer-tokyo\" target=\"_blank\" rel=\"noreferrer noopener\">\u00d6LV | Team-EM Maribor: \u00d6sterreich nach Tag 1 auf gro\u00dfartigem Zwischenrang 7, Hudson mit Rekord, World Lead und WM-Limit, auch Bredlinger l\u00f6st Ticket f\u00fcr Tokyo<\/a><br \/><a href=\"https:\/\/www.oelv.at\/de\/newsshow-team-em-maribor-sensationelles-oelv-team-schafft-mit-rang-7-souveraen-den-klassenerhalt-rekorde-durch-kingley-und-die-4x400m-mixed-staffel\" target=\"_blank\" rel=\"noreferrer noopener\">\u00d6LV | Team-EM Maribor: Sensationelles \u00d6LV-Team schafft mit Rang 7 souver\u00e4n den Klassenerhalt, Rekorde durch Kingley und die 4x400m-Mixed-Staffel<\/a><\/p>\n\n\n\n<p><a href=\"https:\/\/www.leichtathletik.de\/aktuelles\/news\/news-detail\/80807-flash-news-am-sonntag\" target=\"_blank\" rel=\"noreferrer noopener\">Leichtathletik.de | Flash-News am Sonntag (29.06.2025)<\/a><\/p>\n","protected":false},"excerpt":{"rendered":"<p>European Athletics Team Championships Vorschau Im slowenischen Maribor finden am Samstag und Sonntag die Team Europameisterschaft der zweiten Division mit \u00d6sterreich statt. ORF \u00fcbertr\u00e4gt die Team-EM am Samstag Live von 14:25 Uhr bis 20 Uhr auf ORF Sport+. Am Sonntag <a class=\"more-link\" href=\"https:\/\/trackandfield.bplaced.net\/blog\/2025\/06\/european-athletics-team-championships-division-2-team-em-maribor-2025-livestream-live-ergebnisse-teamwertung-zeitplan-startlisten\/\"><span class=\"screen-reader-text\">  European Athletics Team Championships Division 2 (Team-EM) Maribor 2025 &#8211; Livestream \/ Live-Ergebnisse \/ Teamwertung \/ Zeitplan \/ Startlisten<\/span> weiterlesen<span class=\"meta-nav\">&rarr;<\/span><\/a><\/p>\n","protected":false},"author":1,"featured_media":0,"comment_status":"closed","ping_status":"closed","sticky":false,"template":"","format":"standard","meta":{"footnotes":""},"categories":[7],"tags":[141,3264,3528,3024,3992,2818,3431,3616,774,3525,3410,3848,786,3994,3470,3995,741,3025,3588,3217,3472,140,3018,119,2116,3413,3806,750,3993,3988,3991,3469,3619,1714,3426,745,778,3996,3019],"class_list":["post-38990","post","type-post","status-publish","format-standard","hentry","category-international","tag-andreas-vojta","tag-andreas-wolf","tag-anja-dlauhy","tag-anna-mager","tag-bernhard-schmid","tag-carina-reicht","tag-caroline-bredlinger","tag-christiane-krifka","tag-djeneba-toure","tag-endiorass-kingley","tag-enzo-diessl","tag-helene-vogel","tag-karin-strametz","tag-kilian-moser","tag-klaus-gruenbart","tag-laurenz-waldbauer","tag-lena-millonig","tag-leo-lasch","tag-leonie-moser","tag-lionel-afan-strasser","tag-lisa-gruber","tag-livestream","tag-lotte-seiler","tag-lukas-weishaidinger","tag-magdalena-lindner","tag-marcel-tobler","tag-maribor","tag-markus-fuchs","tag-matthias-krach","tag-moyo-bardi","tag-niklas-kainrath","tag-niklas-strohmayer-dangl","tag-patricia-brunninger","tag-riccardo-klotz","tag-sophie-kreiner","tag-team-em","tag-victoria-hudson","tag-viktoria-straczek-helios","tag-viktoria-willhuber"],"_links":{"self":[{"href":"https:\/\/trackandfield.bplaced.net\/blog\/wp-json\/wp\/v2\/posts\/38990","targetHints":{"allow":["GET"]}}],"collection":[{"href":"https:\/\/trackandfield.bplaced.net\/blog\/wp-json\/wp\/v2\/posts"}],"about":[{"href":"https:\/\/trackandfield.bplaced.net\/blog\/wp-json\/wp\/v2\/types\/post"}],"author":[{"embeddable":true,"href":"https:\/\/trackandfield.bplaced.net\/blog\/wp-json\/wp\/v2\/users\/1"}],"replies":[{"embeddable":true,"href":"https:\/\/trackandfield.bplaced.net\/blog\/wp-json\/wp\/v2\/comments?post=38990"}],"version-history":[{"count":4,"href":"https:\/\/trackandfield.bplaced.net\/blog\/wp-json\/wp\/v2\/posts\/38990\/revisions"}],"predecessor-version":[{"id":39020,"href":"https:\/\/trackandfield.bplaced.net\/blog\/wp-json\/wp\/v2\/posts\/38990\/revisions\/39020"}],"wp:attachment":[{"href":"https:\/\/trackandfield.bplaced.net\/blog\/wp-json\/wp\/v2\/media?parent=38990"}],"wp:term":[{"taxonomy":"category","embeddable":true,"href":"https:\/\/trackandfield.bplaced.net\/blog\/wp-json\/wp\/v2\/categories?post=38990"},{"taxonomy":"post_tag","embeddable":true,"href":"https:\/\/trackandfield.bplaced.net\/blog\/wp-json\/wp\/v2\/tags?post=38990"}],"curies":[{"name":"wp","href":"https:\/\/api.w.org\/{rel}","templated":true}]}}