{"id":39500,"date":"2025-08-13T20:33:00","date_gmt":"2025-08-13T18:33:00","guid":{"rendered":"https:\/\/trackandfield.bplaced.net\/?p=39500"},"modified":"2025-08-15T22:43:29","modified_gmt":"2025-08-15T20:43:29","slug":"thumer-werfertag-2025-livestream-live-ergebnisse-zeitplan-meldeliste","status":"publish","type":"post","link":"https:\/\/trackandfield.bplaced.net\/blog\/2025\/08\/thumer-werfertag-2025-livestream-live-ergebnisse-zeitplan-meldeliste\/","title":{"rendered":"Thumer Werfertag 2025 &#8211; Livestream \/ Live-Ergebnisse \/ Zeitplan \/ Meldeliste"},"content":{"rendered":"\n<h1 class=\"wp-block-heading\"><a href=\"https:\/\/www.lv90.de\/werfertag\/\" target=\"_blank\" rel=\"noreferrer noopener\">Thumer Werfertag<\/a><\/h1>\n\n\n\n<h2 class=\"wp-block-heading\">Vorschau<\/h2>\n\n\n\n<p>Am Freitag trifft sich die Wurfelite zum 22. Mal beim Thumer Werfertag. <s>Speerwurfeuropameisterin Victoria Hudson (SVS-Leichtathletik) und<\/s> Lukas Wei\u00dfhaidinger (\u00d6TB O\u00d6 LA) sind gemeldet.<\/p>\n\n\n\n<p><a href=\"https:\/\/www.leichtathletik.de\/aktuelles\/news\/news-detail\/81017-starke-diskus-felder-beim-22-thumer-werfertag\" target=\"_blank\" rel=\"noreferrer noopener\">Leichtathletik.de | Starke Diskus-Felder beim 22. Thumer Werfertag<\/a><\/p>\n\n\n\n<iframe loading=\"lazy\" width=\"560\" height=\"315\" src=\"https:\/\/www.youtube.com\/embed\/9DKdgRmrAW0?si=Vk-hzcQMJajR5xP6\" title=\"YouTube video player\" frameborder=\"0\" allow=\"accelerometer; autoplay; clipboard-write; encrypted-media; gyroscope; picture-in-picture; web-share\" allowfullscreen><\/iframe>\n\n\n\n<h2 class=\"wp-block-heading\">Livestream &#8211; 15.08.2025 ab 15:30 Uhr MESZ<\/h2>\n\n\n\n<p><a href=\"https:\/\/www.mdr.de\/video\/livestreams\/mdr-plus\/sport-eventlivestreamdreiww-894.html\" target=\"_blank\" rel=\"noreferrer noopener\">Thumer Werfertag 2025 | Livestream (MDR+)<\/a><\/p>\n\n\n\n\n\n<h2 class=\"wp-block-heading\">Live-Ergebnisse \/ Zeitplan \/ Meldeliste<\/h2>\n\n\n\n<p><a href=\"https:\/\/red.laportal.net\/Competitions\/Details\/17133\" target=\"_blank\" rel=\"noreferrer noopener\">Thumer Werfertag 2025 | Live-Ergebnisse \/ Zeitplan \/ Startlisten<\/a><br \/><a href=\"https:\/\/red.laportal.net\/CIS\/Timetable?compid=17133\" data-type=\"link\" data-id=\"https:\/\/red.laportal.net\/CIS\/Timetable?compid=17133\" target=\"_blank\" rel=\"noreferrer noopener\">Thumer Werfertag 2025 | Live-Ergebnisse (CIS) \/ Zeitplan \/ Startlisten<\/a><br \/><a href=\"https:\/\/werfertag.lv90.de\/zeitplan\/\" target=\"_blank\" rel=\"noreferrer noopener\">Thumer Werfertag 2025 | Zeitplan<\/a><\/p>\n\n\n\n<h2 class=\"wp-block-heading\">Video<\/h2>\n\n\n\n\n\n<h2 class=\"wp-block-heading\">Bericht<\/h2>\n\n\n\n<p><a href=\"https:\/\/www.leichtathletik.de\/aktuelles\/news\/news-detail\/81027-henrik-janssen-wirft-im-letzten-versuch-meetingrekord\" target=\"_blank\" rel=\"noreferrer noopener\">Leichtathletik.de | Henrik Janssen wirft im letzten Versuch Meetingrekord<\/a><\/p>\n","protected":false},"excerpt":{"rendered":"<p>Thumer Werfertag Vorschau Am Freitag trifft sich die Wurfelite zum 22. Mal beim Thumer Werfertag. Speerwurfeuropameisterin Victoria Hudson (SVS-Leichtathletik) und Lukas Wei\u00dfhaidinger (\u00d6TB O\u00d6 LA) sind gemeldet. Leichtathletik.de | Starke Diskus-Felder beim 22. Thumer Werfertag Livestream &#8211; 15.08.2025 ab 15:30 <a class=\"more-link\" href=\"https:\/\/trackandfield.bplaced.net\/blog\/2025\/08\/thumer-werfertag-2025-livestream-live-ergebnisse-zeitplan-meldeliste\/\"><span class=\"screen-reader-text\">  Thumer Werfertag 2025 &#8211; Livestream \/ Live-Ergebnisse \/ Zeitplan \/ Meldeliste<\/span> weiterlesen<span class=\"meta-nav\">&rarr;<\/span><\/a><\/p>\n","protected":false},"author":1,"featured_media":0,"comment_status":"closed","ping_status":"closed","sticky":false,"template":"","format":"standard","meta":{"footnotes":""},"categories":[7],"tags":[140,119,778,3883],"class_list":["post-39500","post","type-post","status-publish","format-standard","hentry","category-international","tag-livestream","tag-lukas-weishaidinger","tag-victoria-hudson","tag-wact-bronze"],"_links":{"self":[{"href":"https:\/\/trackandfield.bplaced.net\/blog\/wp-json\/wp\/v2\/posts\/39500","targetHints":{"allow":["GET"]}}],"collection":[{"href":"https:\/\/trackandfield.bplaced.net\/blog\/wp-json\/wp\/v2\/posts"}],"about":[{"href":"https:\/\/trackandfield.bplaced.net\/blog\/wp-json\/wp\/v2\/types\/post"}],"author":[{"embeddable":true,"href":"https:\/\/trackandfield.bplaced.net\/blog\/wp-json\/wp\/v2\/users\/1"}],"replies":[{"embeddable":true,"href":"https:\/\/trackandfield.bplaced.net\/blog\/wp-json\/wp\/v2\/comments?post=39500"}],"version-history":[{"count":5,"href":"https:\/\/trackandfield.bplaced.net\/blog\/wp-json\/wp\/v2\/posts\/39500\/revisions"}],"predecessor-version":[{"id":39524,"href":"https:\/\/trackandfield.bplaced.net\/blog\/wp-json\/wp\/v2\/posts\/39500\/revisions\/39524"}],"wp:attachment":[{"href":"https:\/\/trackandfield.bplaced.net\/blog\/wp-json\/wp\/v2\/media?parent=39500"}],"wp:term":[{"taxonomy":"category","embeddable":true,"href":"https:\/\/trackandfield.bplaced.net\/blog\/wp-json\/wp\/v2\/categories?post=39500"},{"taxonomy":"post_tag","embeddable":true,"href":"https:\/\/trackandfield.bplaced.net\/blog\/wp-json\/wp\/v2\/tags?post=39500"}],"curies":[{"name":"wp","href":"https:\/\/api.w.org\/{rel}","templated":true}]}}