{"id":39738,"date":"2025-09-25T07:27:48","date_gmt":"2025-09-25T05:27:48","guid":{"rendered":"https:\/\/trackandfield.bplaced.net\/?p=39738"},"modified":"2025-09-28T22:23:11","modified_gmt":"2025-09-28T20:23:11","slug":"world-mountain-and-trail-running-championships-wmtrc-berglauf-und-trail-wm-canfranc-pirineos-2025-livestream-live-ergebnisse-startlisten","status":"publish","type":"post","link":"https:\/\/trackandfield.bplaced.net\/blog\/2025\/09\/world-mountain-and-trail-running-championships-wmtrc-berglauf-und-trail-wm-canfranc-pirineos-2025-livestream-live-ergebnisse-startlisten\/","title":{"rendered":"World Mountain and Trail Running Championships (WMTRC \/ Berglauf- und Trail-WM) Canfranc\/Pirineos 2025 &#8211; Livestream \/ Live-Ergebnisse \/ Startlisten"},"content":{"rendered":"\n<h1 class=\"wp-block-heading\"><a href=\"https:\/\/canfrancpirineos2025wmtrc.com\/index.html\" target=\"_blank\" rel=\"noreferrer noopener\">WMTRC Canfranc\/Pirineos 2025<\/a><\/h1>\n\n\n\n<h2 class=\"wp-block-heading\">Vorschau<\/h2>\n\n\n\n<p>Nach Chiang Mai in Thailand und Innsbruck\/Stubai finden die dritten World Mountrain and Trail Running Championships in Canfranc\/Pirineos statt. \u00d6sterreich bietet 16 Teilnehmer:innen auf allen Strecken.<\/p>\n\n\n\n<p><a href=\"https:\/\/www.oelv.at\/de\/newsshow-vorschau-wmtrc-2025-in-canfranc-16-heimische-athletinnen-und-athleten-und-vier-wm-tage\" target=\"_blank\" rel=\"noreferrer noopener\">\u00d6LV | Vorschau WMTRC 2025 in Canfranc: 16 heimische Athletinnen und Athleten und vier WM-Tage<\/a><\/p>\n\n\n\n<p><a href=\"https:\/\/swiss-athletics.ch\/de\/blog\/2025\/09\/24\/rekord-delegation-will-sich-in-den-pyrenaeen-behaupten\/\" target=\"_blank\" rel=\"noreferrer noopener\">Swiss Athletics | Rekord-Delegation will sich in den Pyren\u00e4en behaupten<\/a><\/p>\n\n\n\n<p><a href=\"https:\/\/www.leichtathletik.de\/aktuelles\/news\/news-detail\/81192-trotz-ausfaellen-startet-starkes-deutsches-team-bei-berg-und-trailrunning-wm\" target=\"_blank\" rel=\"noreferrer noopener\">Leichtathletik.de | Trotz Ausf\u00e4llen startet starkes deutsches Team bei Berg- und Trailrunning-WM<\/a><\/p>\n\n\n\n<p><a href=\"https:\/\/worldathletics.org\/news\/preview\/2025-world-mountain-trail-running-championships\" target=\"_blank\" rel=\"noreferrer noopener\">World Athletics | Past champions descend on Pyrenees for World Mountain and Trail Running Championships<\/a><\/p>\n\n\n\n\n\n<h2 class=\"wp-block-heading\">Livestream 25.-28.09.2025<\/h2>\n\n\n\n<p><a href=\"https:\/\/www.youtube.com\/@CanfrancPirineos\/streams\" target=\"_blank\" rel=\"noreferrer noopener\">WMTRC Canfranc\/Pirienos 2025 | Livestream (Youtube)<\/a><br \/><a href=\"https:\/\/www.facebook.com\/profile.php?id=100086878917231&amp;sk=live_videos\" target=\"_blank\" rel=\"noreferrer noopener\">WMTRC Canfranc\/Pirineos 2025 | Livestream (Facebook)<\/a><\/p>\n\n\n\n<h2 class=\"wp-block-heading\">Ergebnisse \/ Zeitplan \/ Startlisten \/ Streckenpl\u00e4ne<\/h2>\n\n\n\n<p><a href=\"https:\/\/tempofinito.wiclax-results.com\/WMTRC_VERTICAL_UPHILL_2025\/\" target=\"_blank\" rel=\"noreferrer noopener\">WMTRC Canfranc\/Pirineos 2025 | Live-Ergebnisse \/ Meldelisten Uphill<\/a><br \/><a href=\"https:\/\/tempofinito.wiclax-results.com\/WMTRC_SHORT_TRAIL_2025\/\" target=\"_blank\" rel=\"noreferrer noopener\">WMTRC Canfranc\/Pirineos 2025 | Live-Ergebnisse \/ Meldelisten Short Trail<\/a><br \/><a href=\"https:\/\/tempofinito.wiclax-results.com\/WMTRC_LONG_TRAIL_2025\/\" target=\"_blank\" rel=\"noreferrer noopener\">WMTRC Canfranc\/Pirineos 2025 | Live-Ergebnisse \/ Meldelisten Long Trail<\/a><br \/><a href=\"https:\/\/tempofinito.wiclax-results.com\/WMTRC_UNDER20_2025\/\" target=\"_blank\" rel=\"noreferrer noopener\">WMTRC Canfranc\/Pirineos 2025 | Live-Ergebnisse \/ Meldelisten U20 Classic<\/a><br \/><a href=\"https:\/\/tempofinito.wiclax-results.com\/WMTRC_MOUNTAIN_CLASSIC_2025\/\" target=\"_blank\" rel=\"noreferrer noopener\">WMTRC Canfranc\/Pirineos 2025 | Live-Ergebnisse \/ Meldelisten Classic<\/a><\/p>\n\n\n\n<h3 class=\"wp-block-heading\">Zeitplan in MEZ<\/h3>\n\n\n\n<ul class=\"wp-block-list\">\n<li>Donnerstag 25.9. &#8211; 10 Uhr Start M\u00e4nner \/ 11 Uhr Frauen Uphill<\/li>\n\n\n\n<li>Freitag 26.9. &#8211; 8:00 Uhr Start Short Trail<\/li>\n\n\n\n<li>Samstag 27.9. &#8211; 7:00 Uhr Start Long Trail<\/li>\n\n\n\n<li>Sonntag 28.9. &#8211; 8:15 Uhr Start MU20 \/ 9:30 Uhr WU20 Up&amp;Downhill<\/li>\n\n\n\n<li>Sonntag 28.9. &#8211; 12:30 Uhr Start M\u00e4nner \/ 10:30 Uhr Frauen Up&amp;Downhill<\/li>\n<\/ul>\n\n\n\n<h2 class=\"wp-block-heading\">Videos<\/h2>\n\n\n\n<h3 class=\"wp-block-heading\">Vertical<\/h3>\n\n\n\n<p><a href=\"https:\/\/www.youtube.com\/watch?v=GOos2NYWpUA\" target=\"_blank\" rel=\"noreferrer noopener\">WMTRC Canfranc\/Pirineos 2025 | Livestream Uphill (Youtube ENG)<\/a><\/p>\n\n\n\n<iframe loading=\"lazy\" width=\"560\" height=\"315\" src=\"https:\/\/www.youtube.com\/embed\/GOos2NYWpUA?si=Vj-yFHeTx18Ju7kv\" title=\"YouTube video player\" frameborder=\"0\" allow=\"accelerometer; autoplay; clipboard-write; encrypted-media; gyroscope; picture-in-picture; web-share\" referrerpolicy=\"strict-origin-when-cross-origin\" allowfullscreen><\/iframe>\n\n\n\n<h3 class=\"wp-block-heading\">Short Trail<\/h3>\n\n\n\n<p><a href=\"https:\/\/www.youtube.com\/watch?v=A9NCWsh3Re0\" target=\"_blank\" rel=\"noreferrer noopener\">WMTRC Canfranc\/Pirineos 2025 | Livestream Short Trail (Youtube ENG)<\/a><\/p>\n\n\n\n<iframe loading=\"lazy\" width=\"560\" height=\"315\" src=\"https:\/\/www.youtube.com\/embed\/A9NCWsh3Re0?si=TdIq9T_Kd3PCFlQ5\" title=\"YouTube video player\" frameborder=\"0\" allow=\"accelerometer; autoplay; clipboard-write; encrypted-media; gyroscope; picture-in-picture; web-share\" referrerpolicy=\"strict-origin-when-cross-origin\" allowfullscreen><\/iframe>\n\n\n\n<h3 class=\"wp-block-heading\">Long Trail<\/h3>\n\n\n\n<p><a href=\"https:\/\/www.youtube.com\/watch?v=k71OgcQgqno\" target=\"_blank\" rel=\"noreferrer noopener\">WMTRC Canfranc\/Pirineos 2025 | Livestream Long Trail (Youtube ENG)<\/a><\/p>\n\n\n\n<iframe loading=\"lazy\" width=\"560\" height=\"315\" src=\"https:\/\/www.youtube.com\/embed\/k71OgcQgqno?si=tDjnNKRlcOXaUQ0k\" title=\"YouTube video player\" frameborder=\"0\" allow=\"accelerometer; autoplay; clipboard-write; encrypted-media; gyroscope; picture-in-picture; web-share\" referrerpolicy=\"strict-origin-when-cross-origin\" allowfullscreen><\/iframe>\n\n\n\n<h3 class=\"wp-block-heading\">Classic<\/h3>\n\n\n\n<p><a href=\"https:\/\/www.youtube.com\/watch?v=xYxorfMlgP4\" target=\"_blank\" rel=\"noreferrer noopener\">WMTRC Canfranc\/Pirineos 2025 | Livestream Mountain Classic (Youtube ENG)<\/a><\/p>\n\n\n\n<iframe loading=\"lazy\" width=\"560\" height=\"315\" src=\"https:\/\/www.youtube.com\/embed\/xYxorfMlgP4?si=DIe2kuzHgyi2Yk_n\" title=\"YouTube video player\" frameborder=\"0\" allow=\"accelerometer; autoplay; clipboard-write; encrypted-media; gyroscope; picture-in-picture; web-share\" referrerpolicy=\"strict-origin-when-cross-origin\" allowfullscreen><\/iframe>\n\n\n\n<h2 class=\"wp-block-heading\">Bericht<\/h2>\n\n\n\n<p><a href=\"https:\/\/www.oelv.at\/de\/newsshow-wmtrc-2025-oelv-team-in-der-nationenwertung-des-uphill-bewerbs-zwoelfter\" target=\"_blank\" rel=\"noreferrer noopener\">\u00d6LV | WMTRC 2025: \u00d6LV-Team in der Nationenwertung des Uphill-Bewerbs Zw\u00f6lfter<\/a><br \/><a href=\"https:\/\/www.oelv.at\/de\/newsshow-wmtrc-2025-anna-plattner-im-short-trail-hervorragende-fuenfte\" target=\"_blank\" rel=\"noreferrer noopener\">\u00d6LV | WMTRC 2025: Anna Plattner im Short Trail hervorragende F\u00fcnfte<\/a><br \/><a href=\"https:\/\/www.oelv.at\/de\/newsshow-wmtrc-2025-stern-und-hutter-beim-long-trail-in-den-top-50\" target=\"_blank\" rel=\"noreferrer noopener\">\u00d6LV | WMTRC 2025: Stern und Hutter beim Long Trail in den Top-50<\/a><br \/><a href=\"https:\/\/www.oelv.at\/de\/newsshow-wmtrc-2025-oesterreich-im-mountain-classic-dank-guter-einzelleistungen-sechstbestes-team\" target=\"_blank\" rel=\"noreferrer noopener\">\u00d6LV | WMTRC 2025: \u00d6sterreich im Mountain Classic dank guter Einzelleistungen sechstbestes Team<\/a><\/p>\n\n\n\n<p><a href=\"https:\/\/swiss-athletics.ch\/de\/blog\/2025\/09\/25\/remi-bonnet-wird-hoch-ueberlegen-berglauf-weltmeister\/\" target=\"_blank\" rel=\"noreferrer noopener\">Swiss Athletics | R\u00e9mi Bonnet wird hoch \u00fcberlegen Berglauf-Weltmeister<\/a><br \/><a href=\"https:\/\/swiss-athletics.ch\/de\/blog\/2025\/09\/26\/schweizer-maennerteam-an-short-trail-wm-auf-rang-5\/\" target=\"_blank\" rel=\"noreferrer noopener\">Swiss Athletics | Schweizer M\u00e4nnerteam an Short Trail-WM auf Rang 5<\/a><br \/><a href=\"https:\/\/swiss-athletics.ch\/de\/blog\/2025\/09\/27\/drei-top-30-platzierungen-an-der-long-trail-wm-in-canfranc\/\" target=\"_blank\" rel=\"noreferrer noopener\">Swiss Athletics | Drei Top-30-Platzierungen an der Long Trail-WM in Canfranc<\/a><br \/><a href=\"https:\/\/swiss-athletics.ch\/de\/blog\/2025\/09\/28\/oria-liaci-freut-sich-in-canfranc-ueber-wm-bronze\/\" target=\"_blank\" rel=\"noreferrer noopener\">Swiss Athletics | Oria Liaci freut sich in Canfranc \u00fcber WM-Bronze<\/a><\/p>\n\n\n\n<p><a href=\"https:\/\/www.leichtathletik.de\/aktuelles\/news\/news-detail\/81197-canfranc-tag-1-nina-engelhard-vergoldet-wm-auftakt\" target=\"_blank\" rel=\"noreferrer noopener\">Leichtathletik.de | Canfranc Tag 1 | Nina Engelhard vergoldet WM-Auftakt<\/a><br \/><a href=\"https:\/\/www.leichtathletik.de\/aktuelles\/news\/news-detail\/81201-canfranc-tag-2-oemus-und-kistner-laufen-unter-die-top-30\" target=\"_blank\" rel=\"noreferrer noopener\">Leichtathletik.de | Canfranc Tag 2 | Oemus und Kistner laufen unter die Top 30<\/a><br \/><a href=\"https:\/\/www.leichtathletik.de\/aktuelles\/news\/news-detail\/81204-canfranc-tag-3-zweimal-platz-28-beim-kraftakt-ueber-812-kilometer\" target=\"_blank\" rel=\"noreferrer noopener\">Leichtathletik.de | Canfranc Tag 3 | Zweimal Platz 28 beim Kraftakt \u00fcber 81,2 Kilometer<\/a><br \/><a href=\"https:\/\/www.leichtathletik.de\/aktuelles\/news\/news-detail\/81206-canfranc-tag-4-nina-engelhard-und-julia-ehrle-stuermen-zu-wm-gold\" target=\"_blank\" rel=\"noreferrer noopener\">Leichtathletik.de | Canfranc Tag 4 | Nina Engelhard und Julia Ehrle st\u00fcrmen zu WM-Gold<\/a><\/p>\n\n\n\n<p><a href=\"https:\/\/worldathletics.org\/news\/report\/world-mountain-trail-running-championships-canfrancpirineos-2025\" target=\"_blank\" rel=\"noreferrer noopener\">World Athletics | Tranchand and Alexandersson shatter short trail records at Canfranc<\/a><br \/><a href=\"https:\/\/worldathletics.org\/news\/report\/world-mountain-trail-running-championships-canfrancpirineos-2025-engelhard-kiriago-walmsley-schide\" target=\"_blank\" rel=\"noreferrer noopener\">World Athletics | Engelhard claims classic crown to complete Canfranc-Pirineos double<\/a><\/p>\n","protected":false},"excerpt":{"rendered":"<p>WMTRC Canfranc\/Pirineos 2025 Vorschau Nach Chiang Mai in Thailand und Innsbruck\/Stubai finden die dritten World Mountrain and Trail Running Championships in Canfranc\/Pirineos statt. \u00d6sterreich bietet 16 Teilnehmer:innen auf allen Strecken. \u00d6LV | Vorschau WMTRC 2025 in Canfranc: 16 heimische Athletinnen <a class=\"more-link\" href=\"https:\/\/trackandfield.bplaced.net\/blog\/2025\/09\/world-mountain-and-trail-running-championships-wmtrc-berglauf-und-trail-wm-canfranc-pirineos-2025-livestream-live-ergebnisse-startlisten\/\"><span class=\"screen-reader-text\">  World Mountain and Trail Running Championships (WMTRC \/ Berglauf- und Trail-WM) Canfranc\/Pirineos 2025 &#8211; Livestream \/ Live-Ergebnisse \/ Startlisten<\/span> weiterlesen<span class=\"meta-nav\">&rarr;<\/span><\/a><\/p>\n","protected":false},"author":1,"featured_media":0,"comment_status":"closed","ping_status":"closed","sticky":false,"template":"","format":"standard","meta":{"footnotes":""},"categories":[7],"tags":[4023,928,3882,3756,3120,2281,140,927,3602,4024,3832,3674,1789],"class_list":["post-39738","post","type-post","status-publish","format-standard","hentry","category-international","tag-canfranc","tag-hans-peter-innerhofer","tag-julia-ehrle","tag-julius-ott","tag-konstantin-wedel","tag-laura-hottenrott","tag-livestream","tag-manuel-innerhofer","tag-maximilian-zeus","tag-nina-engelhard","tag-trail","tag-wmtrc","tag-world-mountain-running-championships"],"_links":{"self":[{"href":"https:\/\/trackandfield.bplaced.net\/blog\/wp-json\/wp\/v2\/posts\/39738","targetHints":{"allow":["GET"]}}],"collection":[{"href":"https:\/\/trackandfield.bplaced.net\/blog\/wp-json\/wp\/v2\/posts"}],"about":[{"href":"https:\/\/trackandfield.bplaced.net\/blog\/wp-json\/wp\/v2\/types\/post"}],"author":[{"embeddable":true,"href":"https:\/\/trackandfield.bplaced.net\/blog\/wp-json\/wp\/v2\/users\/1"}],"replies":[{"embeddable":true,"href":"https:\/\/trackandfield.bplaced.net\/blog\/wp-json\/wp\/v2\/comments?post=39738"}],"version-history":[{"count":4,"href":"https:\/\/trackandfield.bplaced.net\/blog\/wp-json\/wp\/v2\/posts\/39738\/revisions"}],"predecessor-version":[{"id":39748,"href":"https:\/\/trackandfield.bplaced.net\/blog\/wp-json\/wp\/v2\/posts\/39738\/revisions\/39748"}],"wp:attachment":[{"href":"https:\/\/trackandfield.bplaced.net\/blog\/wp-json\/wp\/v2\/media?parent=39738"}],"wp:term":[{"taxonomy":"category","embeddable":true,"href":"https:\/\/trackandfield.bplaced.net\/blog\/wp-json\/wp\/v2\/categories?post=39738"},{"taxonomy":"post_tag","embeddable":true,"href":"https:\/\/trackandfield.bplaced.net\/blog\/wp-json\/wp\/v2\/tags?post=39738"}],"curies":[{"name":"wp","href":"https:\/\/api.w.org\/{rel}","templated":true}]}}