{"id":40041,"date":"2026-01-22T20:49:00","date_gmt":"2026-01-22T19:49:00","guid":{"rendered":"https:\/\/trackandfield.bplaced.net\/?p=40041"},"modified":"2026-01-25T11:08:17","modified_gmt":"2026-01-25T10:08:17","slug":"istaf-indoor-duesseldorf-2026-livestream-startliste-zeitplan-live-ergebnisse","status":"publish","type":"post","link":"https:\/\/trackandfield.bplaced.net\/blog\/2026\/01\/istaf-indoor-duesseldorf-2026-livestream-startliste-zeitplan-live-ergebnisse\/","title":{"rendered":"ISTAF Indoor D\u00fcsseldorf 2026 &#8211; Livestream \/ Startliste \/ Zeitplan \/ Live-Ergebnisse"},"content":{"rendered":"\n<h1 class=\"wp-block-heading\" id=\"istaf-indoor-dusseldorf\"><a href=\"https:\/\/duesseldorf.istaf-indoor.de\/\" target=\"_blank\" rel=\"noreferrer noopener\">ISTAF Indoor D\u00fcsseldorf<\/a><\/h1>\n\n\n\n<h2 class=\"wp-block-heading\" id=\"vorschau\">Vorschau<\/h2>\n\n\n\n<p>Am Samstag findet das ISTAF Indoor in D\u00fcsseldorf statt.<\/p>\n\n\n\n<p><a href=\"https:\/\/www.leichtathletik.de\/wettkaempfe\/termine\/top-events\/istaf-indoor-2026-duesseldorf\" data-type=\"link\" data-id=\"https:\/\/www.leichtathletik.de\/wettkaempfe\/termine\/top-events\/istaf-indoor-2026-duesseldorf\" target=\"_blank\" rel=\"noreferrer noopener\">Leichtathletik.de | ISTAF Indoor 2026 D\u00fcsseldorf<\/a><br \/><a href=\"https:\/\/www.leichtathletik.de\/aktuelles\/news\/news-detail\/81482-hallensaison-nimmt-beim-istaf-indoor-fahrt-auf\" target=\"_blank\" rel=\"noreferrer noopener\">Leichtathletik.de | Hallensaison nimmt beim ISTAF Indoor Fahrt auf<\/a><\/p>\n\n\n\n<h2 class=\"wp-block-heading\" id=\"tv-livestream-20-02-2022-ab-14-15-uhr\">Livestream &#8211; 24.01.2026 &#8211; ab 17:50 Uhr<\/h2>\n\n\n\n<p>Sportschau.de \u00fcbertr\u00e4gt das ISTAF Indoor D\u00fcsseldorf live. ARD \u00fcbertragt am Sonntag ab 9:55 Uhr eine Zusammenfassung.<\/p>\n\n\n\n<h3 class=\"wp-block-heading\">Geoblock GER?<\/h3>\n\n\n\n<p><a href=\"https:\/\/www.sportschau.de\/leichtathletik\/das-istaf-indoor-in-duesseldorf,livestream-istaf-indoor-duesseldorf-2026-100.html\" target=\"_blank\" rel=\"noreferrer noopener\">ISTAF Indoor D\u00fcsseldorf 2026 | Livestream (Sportschau ab 17:50 Uhr)<\/a><br \/><a href=\"https:\/\/www.ardmediathek.de\/video\/sportschau\/das-istaf-indoor-in-duesseldorf\/das-erste\/Y3JpZDovL3Nwb3J0c2NoYXUuZGUvYTY3NWQzMmQtMjJlMS00MDUwLThlNTgtMzllZjgwMmI1NDU5\" data-type=\"link\" data-id=\"https:\/\/www.ardmediathek.de\/video\/sportschau\/das-istaf-indoor-in-duesseldorf\/das-erste\/Y3JpZDovL3Nwb3J0c2NoYXUuZGUvYTY3NWQzMmQtMjJlMS00MDUwLThlNTgtMzllZjgwMmI1NDU5\" target=\"_blank\" rel=\"noreferrer noopener\">ISTAF Indoor D\u00fcsseldorf 2026 | Livestream (ARD ab 17:50 Uhr)<\/a><br \/><a href=\"https:\/\/www.ardmediathek.de\/live\" target=\"_blank\" rel=\"noreferrer noopener\">ISTAF Indoor D\u00fcsseldorf 2026 | Zusammenfassung (ARD Sonntag ab 9:55 Uhr)<\/a><\/p>\n\n\n\n<h3 class=\"wp-block-heading\">Geoblock POL<\/h3>\n\n\n\n<p><a href=\"https:\/\/sport.tvp.pl\/90890598\/lekkoatletyka-mityng-world-athletics-indoor-tour-w-duesseldorfie-transmisja-na-zywo-online-live-stream-24012026\" target=\"_blank\" rel=\"noreferrer noopener\">ISTAF Indoor D\u00fcsseldorf 2026 | Livestream (TVP)<\/a><\/p>\n\n\n\n<h2 class=\"wp-block-heading\" id=\"live-ticker-live-ergebnisse-startliste-zeitplan\">Live-Ticker \/ Live-Ergebnisse \/ Startliste \/ Zeitplan<\/h2>\n\n\n\n<p><a href=\"https:\/\/red.laportal.net\/Competitions\/Details\/18136\" target=\"_blank\" rel=\"noreferrer noopener\">ISTAF Indoor D\u00fcsseldorf 2026 | Live-Ergebnisse \/ Startlisten \/ Zeitplan<\/a><br \/><a href=\"https:\/\/duesseldorf.istaf-indoor.de\/live-ergebnisse\/\" target=\"_blank\" rel=\"noreferrer noopener\">ISTAF Indoor D\u00fcsseldorf 2026 | Live-Ergebnisse \/ Startlisten \/ Zeitplan<\/a><br \/><a href=\"https:\/\/duesseldorf.istaf-indoor.de\/zeitplan\/\" target=\"_blank\" rel=\"noreferrer noopener\">ISTAF Indoor D\u00fcsseldorf 2026 | Zeitplan<\/a><br \/><a href=\"https:\/\/duesseldorf.istaf-indoor.de\/startlisten\/\" target=\"_blank\" rel=\"noreferrer noopener\">ISTAF Indoor D\u00fcsseldorf 2026 | Startlisten (ab 23.01.)<\/a><br \/><a href=\"https:\/\/duesseldorf.istaf-indoor.de\/wp-content\/uploads\/2026\/01\/Vorlaeufige-Startliste_DUS-26.pdf\" target=\"_blank\" rel=\"noreferrer noopener\">ISTAF Indoor D\u00fcsseldorf 2026 | Startlisten (PDF)<\/a><\/p>\n\n\n\n<h2 class=\"wp-block-heading\" id=\"bericht\">Bericht<\/h2>\n\n\n\n<p><a href=\"https:\/\/www.leichtathletik.de\/aktuelles\/news\/news-detail\/81485-istaf-indoor-yemisi-ogunleye-mit-auftaktsieg-yannick-wolf-stellt-bestzeit-ein\" data-type=\"link\" data-id=\"https:\/\/www.leichtathletik.de\/aktuelles\/news\/news-detail\/81485-istaf-indoor-yemisi-ogunleye-mit-auftaktsieg-yannick-wolf-stellt-bestzeit-ein\" target=\"_blank\" rel=\"noreferrer noopener\">Leichtathletik.de | ISTAF Indoor: Yemisi Ogunleye mit Auftaktsieg, Yannick Wolf stellt Bestzeit ein<\/a><\/p>\n","protected":false},"excerpt":{"rendered":"<p>ISTAF Indoor D\u00fcsseldorf Vorschau Am Samstag findet das ISTAF Indoor in D\u00fcsseldorf statt. Leichtathletik.de | ISTAF Indoor 2026 D\u00fcsseldorfLeichtathletik.de | Hallensaison nimmt beim ISTAF Indoor Fahrt auf Livestream &#8211; 24.01.2026 &#8211; ab 17:50 Uhr Sportschau.de \u00fcbertr\u00e4gt das ISTAF Indoor D\u00fcsseldorf <a class=\"more-link\" href=\"https:\/\/trackandfield.bplaced.net\/blog\/2026\/01\/istaf-indoor-duesseldorf-2026-livestream-startliste-zeitplan-live-ergebnisse\/\"><span class=\"screen-reader-text\">  ISTAF Indoor D\u00fcsseldorf 2026 &#8211; Livestream \/ Startliste \/ Zeitplan \/ Live-Ergebnisse<\/span> weiterlesen<span class=\"meta-nav\">&rarr;<\/span><\/a><\/p>\n","protected":false},"author":1,"featured_media":0,"comment_status":"closed","ping_status":"closed","sticky":false,"template":"","format":"standard","meta":{"footnotes":""},"categories":[7],"tags":[3580,1923,267,3851,3306,4044,515,376,4043,3190,2521,3844,4046,140,3268,1379,4036,2159,2760,3861,4045,2697,2702,3714,3230,3474,3850],"class_list":["post-40041","post","type-post","status-publish","format-standard","hentry","category-international","tag-aleksandar-askovic","tag-bo-kanda-lita-baehre","tag-dusseldorf","tag-franziska-schuster","tag-geraldine-frey","tag-hawa-jalloh","tag-indoor","tag-istaf","tag-jolina-ernst","tag-joshua-hartmann","tag-julia-ritter","tag-laura-raquel-mueller","tag-libby-buder","tag-livestream","tag-lucas-ansah-peprah","tag-malaika-mihambo","tag-marlene-meier","tag-marvin-schulte","tag-ricarda-lobe","tag-rosina-schneider","tag-samita-schatz","tag-sina-mayer","tag-stefan-volzer","tag-tim-eikermann","tag-torben-blech","tag-yannick-wolf","tag-yemisi-ogunleye"],"_links":{"self":[{"href":"https:\/\/trackandfield.bplaced.net\/blog\/wp-json\/wp\/v2\/posts\/40041","targetHints":{"allow":["GET"]}}],"collection":[{"href":"https:\/\/trackandfield.bplaced.net\/blog\/wp-json\/wp\/v2\/posts"}],"about":[{"href":"https:\/\/trackandfield.bplaced.net\/blog\/wp-json\/wp\/v2\/types\/post"}],"author":[{"embeddable":true,"href":"https:\/\/trackandfield.bplaced.net\/blog\/wp-json\/wp\/v2\/users\/1"}],"replies":[{"embeddable":true,"href":"https:\/\/trackandfield.bplaced.net\/blog\/wp-json\/wp\/v2\/comments?post=40041"}],"version-history":[{"count":5,"href":"https:\/\/trackandfield.bplaced.net\/blog\/wp-json\/wp\/v2\/posts\/40041\/revisions"}],"predecessor-version":[{"id":40692,"href":"https:\/\/trackandfield.bplaced.net\/blog\/wp-json\/wp\/v2\/posts\/40041\/revisions\/40692"}],"wp:attachment":[{"href":"https:\/\/trackandfield.bplaced.net\/blog\/wp-json\/wp\/v2\/media?parent=40041"}],"wp:term":[{"taxonomy":"category","embeddable":true,"href":"https:\/\/trackandfield.bplaced.net\/blog\/wp-json\/wp\/v2\/categories?post=40041"},{"taxonomy":"post_tag","embeddable":true,"href":"https:\/\/trackandfield.bplaced.net\/blog\/wp-json\/wp\/v2\/tags?post=40041"}],"curies":[{"name":"wp","href":"https:\/\/api.w.org\/{rel}","templated":true}]}}