{"id":42358,"date":"2026-08-26T19:17:13","date_gmt":"2026-08-26T17:17:13","guid":{"rendered":"https:\/\/trackandfield.bplaced.net\/blog\/?p=42358"},"modified":"2026-08-27T23:22:47","modified_gmt":"2026-08-27T21:22:47","slug":"wanda-diamond-league-zuerich-weltklasse-zuerich-2026-livestream-startlisten-zeitplan-ergebnisse","status":"publish","type":"post","link":"https:\/\/trackandfield.bplaced.net\/blog\/2026\/08\/wanda-diamond-league-zuerich-weltklasse-zuerich-2026-livestream-startlisten-zeitplan-ergebnisse\/","title":{"rendered":"Wanda Diamond League Z\u00fcrich (Weltklasse Z\u00fcrich) 2026 &#8211; Livestream \/ Startlisten \/ Zeitplan \/ Ergebnisse"},"content":{"rendered":"\n<h1 class=\"wp-block-heading\"><a href=\"https:\/\/zurich.diamondleague.com\/home\/\" target=\"_blank\" rel=\"noreferrer noopener\">Wanda Diamond League Z\u00fcrich<\/a><\/h1>\n\n\n\n<h2 class=\"wp-block-heading\">Vorschau<\/h2>\n\n\n\n<p class=\"wp-block-paragraph\">Am Mittwoch und Donnerstag findet das Diamond League Finale im ausverkauften Z\u00fcricher Letzigrund bzw. am Sechsel\u00e4utenplatz statt. Enzo Diessl (SU Leibnitz) ist \u00fcber 110m H\u00fcrden am Donnerstag am Start.<\/p>\n\n\n\n<p class=\"wp-block-paragraph\"><a href=\"https:\/\/www.swiss-athletics.ch\/newsroom\/artikel\/schweizer-aushaengeschilder-wollen-das-weltklasse-publikum-begeistern\/\" target=\"_blank\" rel=\"noopener\">Swiss Athletics | Schweizer Aush\u00e4ngeschilder wollen das Weltklasse-Publikum begeistern<\/a><\/p>\n\n\n\n<p class=\"wp-block-paragraph\"><a href=\"https:\/\/www.leichtathletik.de\/aktuelles\/news\/news-detail\/82293-final-countdown-mit-dlv-hindernis-trio-robert-farken-und-thomas-roehler\" target=\"_blank\" rel=\"noopener\">Leichtathletik.de | Final-Countdown mit DLV-Hindernis-Trio, Robert Farken und Thomas R\u00f6hler<\/a><\/p>\n\n\n\n<p class=\"wp-block-paragraph\"><a href=\"https:\/\/worldathletics.org\/news\/preview\/weltklasse-zurich-2026\" target=\"_blank\" rel=\"noopener\">World Athletics | Star showdowns as road to Diamond League Final goes via Zurich<\/a><\/p>\n\n\n\n<h2 class=\"wp-block-heading\">Livestream &#8211; 26.\/27.08.2026 ab 20 Uhr MESZ<\/h2>\n\n\n\n<p class=\"wp-block-paragraph\"><a href=\"https:\/\/www.youtube.com\/watch?v=5FB6RpIzgJc\" target=\"_blank\" rel=\"noopener\">Wanda Diamond League Z\u00fcrich 2026 | Livestream Mittwoch Youtube<\/a><\/p>\n\n\n\n<h4 class=\"wp-block-heading\">Weltweit<\/h4>\n\n\n\n<p class=\"wp-block-paragraph\"><a href=\"https:\/\/s5.tv24livestream1.de\/embed.php?p=srf2&amp;c=srf2&amp;e=0\" target=\"_blank\" rel=\"noreferrer noopener\">Wanda Diamond League Z\u00fcrich 2026 | Livestream SRF 2<\/a><br \/><a href=\"https:\/\/nydus.org\/stream\/live\/srf2\/\" target=\"_blank\" rel=\"noreferrer noopener\">Wanda Diamond League Z\u00fcrich 2026 | Livestream SRF 2<\/a><\/p>\n\n\n\n<h4 class=\"wp-block-heading\">mit AUT-IP<\/h4>\n\n\n\n<p class=\"wp-block-paragraph\"><a href=\"https:\/\/on.orf.at\/live?channel=orfs\" target=\"_blank\" rel=\"noreferrer noopener\">Wanda Diamond League Z\u00fcrich 2025 | Livestream Donnerstag ab 20:15 Uhr<\/a><br \/><a href=\"https:\/\/on.orf.at\/livestream\/14553352\/leichtathletik-diamond-league-2026-aus-zuerich-in-voller-laenge\" target=\"_blank\" rel=\"noopener\">Wanda Diamond League Z\u00fcrich 2026 | Livestream Donnerstag ab 20 Uhr<\/a><\/p>\n\n\n\n<h4 class=\"wp-block-heading\">mit GER-IP<\/h4>\n\n\n\n<p class=\"wp-block-paragraph\"><a href=\"https:\/\/www.zdf.de\/video\/livestreams\/leichtathletik-live-livestream-ergebnisse-zeitplan-100\/leichtathletik-diamond-league-zuerich-27-august-livestream-100\" target=\"_blank\" rel=\"noopener\">Wanda Diamond League Z\u00fcrich 2026 | Livestream Donnerstag (ZDF)<\/a><br \/><a href=\"https:\/\/sporteurope.tv\/wanda-diamond-league\/wanda-diamond-league-2026-zuerich\" target=\"_blank\" rel=\"noopener\">Wanda Diamond League Z\u00fcrich 2026 | Livestream Donnerstag (Sporteurope.tv) Paywall<\/a><\/p>\n\n\n\n<h4 class=\"wp-block-heading\">mit CH-IP<\/h4>\n\n\n\n<p class=\"wp-block-paragraph\"><a href=\"https:\/\/www.srf.ch\/play\/tv\/-\/video\/leichtathletik-diamond-league-weltklasse-zuerich-stabhochsprung-frauen?urn=urn:swisstxt:video:srf:1847798\" target=\"_blank\" rel=\"noopener\">Wanda Diamond League Z\u00fcrich 2026 | Livestream SRF Mittwoch<\/a><br \/><a href=\"https:\/\/www.srf.ch\/play\/tv\/-\/video\/leichtathletik-diamond-league-weltklasse-zuerich?urn=urn:swisstxt:video:srf:1847801\" target=\"_blank\" rel=\"noopener\">Wanda Diamond League Z\u00fcrich 2026 | Livestream SRF Donnerstag ab 19:30 Uhr<\/a><\/p>\n\n\n\n<h4 class=\"wp-block-heading\">mit CAN-IP<\/h4>\n\n\n\n<p class=\"wp-block-paragraph\"><a href=\"https:\/\/www.cbc.ca\/player\/play\/video\/9.7306902\" target=\"_blank\" rel=\"noopener\">Wanda Diamond League Z\u00fcrich 2026 | Livestream CBC Mittwoch<\/a><br \/><a href=\"https:\/\/www.cbc.ca\/player\/play\/video\/9.7308861\" target=\"_blank\" rel=\"noopener\">Wanda Diamond League Z\u00fcrich 2026 | Livestream CBC Donnerstag ab 20 Uhr<\/a><\/p>\n\n\n\n<h4 class=\"wp-block-heading\">mit NOR-IP<\/h4>\n\n\n\n<p class=\"wp-block-paragraph\"><a href=\"https:\/\/tv.nrk.no\/serie\/friidrett-diamond-league\/sesong\/2026\/episode\/ISPO50207526\" target=\"_blank\" rel=\"noopener\">Wanda Diamond League Z\u00fcrich 2026 | Livestream NRK Donnerstag ab 20 Uhr<\/a><\/p>\n\n\n\n<h4 class=\"wp-block-heading\">mit CZE-IP<\/h4>\n\n\n\n<p class=\"wp-block-paragraph\"><a href=\"https:\/\/www.ceskatelevize.cz\/porady\/15716784853-diamond-league\/\" target=\"_blank\" rel=\"noreferrer noopener\">Wanda Diamond League Z\u00fcrich 2026 | Livestream CT Sport<\/a><\/p>\n\n\n\n<h4 class=\"wp-block-heading\">mit UK-IP<\/h4>\n\n\n\n<p class=\"wp-block-paragraph\"><a href=\"https:\/\/www.bbc.co.uk\/programmes\/m0030rdm\" target=\"_blank\" rel=\"noopener\">Wanda Diamond League Z\u00fcrich 2025 | Livestream Donnerstag BBC Three ab 20 Uhr<\/a><\/p>\n\n\n\n<h4 class=\"wp-block-heading\">L\u00e4nder ohne vergebene TV-Rechte<\/h4>\n\n\n\n<p class=\"wp-block-paragraph\"><a href=\"https:\/\/www.youtube.com\/watch?v=8UHVo0aW0tw\" target=\"_blank\" rel=\"noopener\">Wanda Diamond League Z\u00fcrich 2026 | Livestream Youtube<\/a><\/p>\n\n\n\n<figure class=\"wp-block-embed is-type-video is-provider-youtube wp-block-embed-youtube wp-embed-aspect-4-3 wp-has-aspect-ratio\"><div class=\"wp-block-embed__wrapper\">\nhttps:\/\/www.youtube.com\/watch?v=8UHVo0aW0tw\n<\/div><\/figure>\n\n\n\n<h2 class=\"wp-block-heading\">Startlisten \/ Zeitplan \/ Live-Ergebnisse<\/h2>\n\n\n\n<p class=\"wp-block-paragraph\"><strong><a href=\"https:\/\/zurich.diamondleague.com\/programme-results\/\" target=\"_blank\" rel=\"noreferrer noopener\">Wanda Diamond League Z\u00fcrich 2026 | Startlisten \/ Zeitplan \/ Live-Ergebnisse<\/a><\/strong><\/p>\n\n\n\n<h2 class=\"wp-block-heading\">Fotos<\/h2>\n\n\n\n<p class=\"wp-block-paragraph\"><a href=\"https:\/\/athletix.ch\/photos-2026\/weltklasse-zrich-26-27082026\/\" target=\"_blank\" rel=\"noopener\">Athletix.ch | Weltklasse Z\u00fcrich; 26.-27.08.2026<\/a><\/p>\n\n\n\n<h2 class=\"wp-block-heading\">Videos<\/h2>\n\n\n\n<p class=\"wp-block-paragraph\"><a rel=\"noreferrer noopener\" href=\"https:\/\/www.youtube.com\/channel\/UC6PZm2HZT3uOL1Z9F203K4g\" target=\"_blank\">Wanda Diamond League | Youtube Channel<\/a><\/p>\n\n\n\n<p class=\"wp-block-paragraph\"><a href=\"https:\/\/www.youtube.com\/playlist?list=PLV7HCrp49-jxK8AC1bunRyOJsq6Do9m4F\" target=\"_blank\" rel=\"noreferrer noopener\">Wanda Diamond League 2025 | Youtube Playliste<\/a><\/p>\n\n\n\n<iframe loading=\"lazy\" width=\"560\" height=\"315\" src=\"https:\/\/www.youtube.com\/embed\/videoseries?si=VXOmVCOcXZztGX8B&amp;list=PLV7HCrp49-jxK8AC1bunRyOJsq6Do9m4F\" title=\"YouTube video player\" frameborder=\"0\" allow=\"accelerometer; autoplay; clipboard-write; encrypted-media; gyroscope; picture-in-picture; web-share\" referrerpolicy=\"strict-origin-when-cross-origin\" allowfullscreen><\/iframe>\n\n\n\n<h2 class=\"wp-block-heading\">Bericht<\/h2>\n\n\n\n<p class=\"wp-block-paragraph\"><a href=\"https:\/\/www.oelv.at\/de\/newsshow-diamond-league-enzo-diessl-mit-starker-zeit-dritter-in-zuerich\" target=\"_blank\" rel=\"noopener\">\u00d6LV | Diamond League &#8211; Enzo Diessl mit starker Zeit Dritter in Z\u00fcrich<\/a><\/p>\n\n\n\n<p class=\"wp-block-paragraph\"><a href=\"https:\/\/www.swiss-athletics.ch\/newsroom\/artikel\/audrey-werro-triumphiert-und-das-stadion-letzigrund-steht-kopf\/\" target=\"_blank\" rel=\"noopener\">Swiss Athletics | Audrey Werro triumphiert und das Stadion Letzigrund steht Kopf<\/a><\/p>\n\n\n\n<p class=\"wp-block-paragraph\"><a href=\"https:\/\/www.leichtathletik.de\/aktuelles\/news\/news-detail\/82305-masai-russell-und-alison-dos-santos-kroenen-spektakulaeren-abend-mit-weltrekorden\" target=\"_blank\" rel=\"noopener\">Leichtathletik.de | Masai Russell und Alison dos Santos kr\u00f6nen spektakul\u00e4ren Abend mit Weltrekorden<\/a><\/p>\n\n\n\n<p class=\"wp-block-paragraph\"><a href=\"https:\/\/worldathletics.org\/news\/report\/zurich-weltklasse-dos-santos-world-400m-hurdles-record\" target=\"_blank\" rel=\"noopener\">World Athletics | FLASH: Hurdlers Dos Santos and Russell break world record in Zurich<\/a><\/p>\n","protected":false},"excerpt":{"rendered":"<p>Wanda Diamond League Z\u00fcrich Vorschau Am Mittwoch und Donnerstag findet das Diamond League Finale im ausverkauften Z\u00fcricher Letzigrund bzw. am Sechsel\u00e4utenplatz statt. Enzo Diessl (SU Leibnitz) ist \u00fcber 110m H\u00fcrden am Donnerstag am Start. Swiss Athletics | Schweizer Aush\u00e4ngeschilder wollen <a class=\"more-link\" href=\"https:\/\/trackandfield.bplaced.net\/blog\/2026\/08\/wanda-diamond-league-zuerich-weltklasse-zuerich-2026-livestream-startlisten-zeitplan-ergebnisse\/\"><span class=\"screen-reader-text\">  Wanda Diamond League Z\u00fcrich (Weltklasse Z\u00fcrich) 2026 &#8211; Livestream \/ Startlisten \/ Zeitplan \/ Ergebnisse<\/span> weiterlesen<span class=\"meta-nav\">&rarr;<\/span><\/a><\/p>\n","protected":false},"author":1,"featured_media":0,"comment_status":"closed","ping_status":"closed","sticky":false,"template":"","format":"standard","meta":{"footnotes":""},"categories":[7],"tags":[232,3410,140,371],"class_list":["post-42358","post","type-post","status-publish","format-standard","hentry","category-international","tag-diamondleague","tag-enzo-diessl","tag-livestream","tag-weltklasse-zurich"],"_links":{"self":[{"href":"https:\/\/trackandfield.bplaced.net\/blog\/wp-json\/wp\/v2\/posts\/42358","targetHints":{"allow":["GET"]}}],"collection":[{"href":"https:\/\/trackandfield.bplaced.net\/blog\/wp-json\/wp\/v2\/posts"}],"about":[{"href":"https:\/\/trackandfield.bplaced.net\/blog\/wp-json\/wp\/v2\/types\/post"}],"author":[{"embeddable":true,"href":"https:\/\/trackandfield.bplaced.net\/blog\/wp-json\/wp\/v2\/users\/1"}],"replies":[{"embeddable":true,"href":"https:\/\/trackandfield.bplaced.net\/blog\/wp-json\/wp\/v2\/comments?post=42358"}],"version-history":[{"count":4,"href":"https:\/\/trackandfield.bplaced.net\/blog\/wp-json\/wp\/v2\/posts\/42358\/revisions"}],"predecessor-version":[{"id":42377,"href":"https:\/\/trackandfield.bplaced.net\/blog\/wp-json\/wp\/v2\/posts\/42358\/revisions\/42377"}],"wp:attachment":[{"href":"https:\/\/trackandfield.bplaced.net\/blog\/wp-json\/wp\/v2\/media?parent=42358"}],"wp:term":[{"taxonomy":"category","embeddable":true,"href":"https:\/\/trackandfield.bplaced.net\/blog\/wp-json\/wp\/v2\/categories?post=42358"},{"taxonomy":"post_tag","embeddable":true,"href":"https:\/\/trackandfield.bplaced.net\/blog\/wp-json\/wp\/v2\/tags?post=42358"}],"curies":[{"name":"wp","href":"https:\/\/api.w.org\/{rel}","templated":true}]}}