{"id":42366,"date":"2026-08-28T23:24:00","date_gmt":"2026-08-28T21:24:00","guid":{"rendered":"https:\/\/trackandfield.bplaced.net\/blog\/?p=42366"},"modified":"2026-08-30T20:17:38","modified_gmt":"2026-08-30T18:17:38","slug":"galathletics-bellinzona-2026-livestream-live-ergebnisse-zeitplan-startlisten","status":"publish","type":"post","link":"https:\/\/trackandfield.bplaced.net\/blog\/2026\/08\/galathletics-bellinzona-2026-livestream-live-ergebnisse-zeitplan-startlisten\/","title":{"rendered":"GalAthletics Bellinzona 2026 &#8211; Livestream \/ Live-Ergebnisse \/ Zeitplan \/ Startlisten"},"content":{"rendered":"\n<h1 class=\"wp-block-heading\"><a href=\"https:\/\/www.galadeicastelli.ch\/\" target=\"_blank\" rel=\"noreferrer noopener\">Gal\u00e0 dei castelli Bellinzona<\/a><\/h1>\n\n\n\n<h2 class=\"wp-block-heading\">Vorschau<\/h2>\n\n\n\n<p class=\"wp-block-paragraph\">Am Sonntag findet in Bellinzona das GalAthletics (fr\u00fcher Gal\u00e0 dei castelli) Meeting statt. Enzo Diessl (SU Leibnitz) ist \u00fcber 110m H\u00fcrden am Start.<\/p>\n\n\n\n<p class=\"wp-block-paragraph\"><a href=\"https:\/\/www.swiss-athletics.ch\/newsroom\/artikel\/tickets-fuer-das-internationale-meeting-in-bellinzona\/\" target=\"_blank\" rel=\"noopener\">Swiss Athletics | Tickets f\u00fcr das internationale Meeting in Bellinzona<\/a><\/p>\n\n\n\n<p class=\"wp-block-paragraph\"><a href=\"https:\/\/www.leichtathletik.de\/aktuelles\/news\/news-detail\/82309-flash-news-am-samstag\" target=\"_blank\" rel=\"noopener\">Leichtathletik.de | Flash-News am Samstag (29.08.2026)<\/a><\/p>\n\n\n\n<h2 class=\"wp-block-heading\">Livestream &#8211; Sonntag 30.08.2026 ab 18:25 Uhr<\/h2>\n\n\n\n<p class=\"wp-block-paragraph\"><a href=\"https:\/\/www.european-athletics.com\/home\/streaming\/onedaymeetings\/gal-athletics-bellinzona-\" target=\"_blank\" rel=\"noopener\">GalAthletics Bellinzona 2026 | Livestream (European Athletics)<\/a><\/p>\n\n\n\n<iframe loading=\"lazy\" src=\"https:\/\/cdn.jwplayer.com\/players\/BEg0q0NF-tsuA1vLY.html\" width=\"560px\" height=\"315px\" frameborder=\"0\" scrolling=\"auto\" allowfullscreen=\"\"><\/iframe>\n\n\n\n<h3 class=\"wp-block-heading\">Geoblock SUI<\/h3>\n\n\n\n<p class=\"wp-block-paragraph\"><a href=\"https:\/\/www.rsi.ch\/play\/tv\/-\/video\/altetica-galathletics?urn=urn:swisstxt:video:rsi:1852703\" target=\"_blank\" rel=\"noopener\">GalAthletics Bellinzona 2026 | Livestream RSI<\/a><br \/><a href=\"https:\/\/www.rts.ch\/play\/tv\/rts-livestreams\" target=\"_blank\" rel=\"noopener\">GalAthletics Bellinzona 2026 | Livestream RTS<\/a><\/p>\n\n\n\n<!-- <iframe loading=\"lazy\" src=\"https:\/\/www.youtube.com\/embed\/BD-b2vtH-oM\" allow=\"accelerometer; autoplay; clipboard-write; encrypted-media; gyroscope; picture-in-picture\" allowfullscreen=\"\" width=\"560\" height=\"315\" frameborder=\"0\"><\/iframe> -->\n\n\n\n<h2 class=\"wp-block-heading\">Live-Ergebnisse \/ Zeitplan \/ Startlisten<\/h2>\n\n\n\n<p class=\"wp-block-paragraph\"><strong><a href=\"https:\/\/slv.laportal.net\/Competitions\/Details\/20539\" target=\"_blank\" rel=\"noopener\">GalAthletics Bellinzona 2026 | Live-Ergebnisse \/ Zeitplan \/ Startlisten<\/a><\/strong><br \/><a href=\"https:\/\/laportal.net\/Cis\/Timetable?compid=20539&amp;day=2\" data-type=\"link\" data-id=\"https:\/\/laportal.net\/Cis\/Timetable?compid=20539&amp;day=2\" target=\"_blank\" rel=\"noopener\">GalAthletics Bellinzona 2026 | Live-Ergebnisse (CIS)<\/a><br \/><a href=\"https:\/\/www.galathletics.ch\/wp-content\/uploads\/2026\/07\/Programma-ENG_ok.pdf\" target=\"_blank\" rel=\"noopener\">GalAthletics Bellinzona 2026 | Zeitplan (PDF)<\/a><br \/><a href=\"https:\/\/www.galadeicastelli.ch\/en\/program-and-prize-money\/\" target=\"_blank\" rel=\"noreferrer noopener\">GalAthletics Bellinzona 2026 | Zeitplan \/ Preisgeld<\/a><\/p>\n\n\n\n<p class=\"wp-block-paragraph\"><a href=\"https:\/\/www.de.galadeicastelli.ch\/rekorde-gala-del-castelli\" target=\"_blank\" rel=\"noreferrer noopener\">GalAthletics Bellinzona | Stadionrekorde<\/a><\/p>\n\n\n\n<h2 class=\"wp-block-heading\">Fotos<\/h2>\n\n\n\n<p class=\"wp-block-paragraph\"><a href=\"https:\/\/www.galadeicastelli.ch\/gallery\/\" target=\"_blank\" rel=\"noreferrer noopener\">Gal\u00e0 dei castelli Bellinzona | Fotos<\/a><br \/><a href=\"https:\/\/athletix.ch\/photos-2024\/gal-dei-castelli-locarno-bellinzona-08-09092024\/\" target=\"_blank\" rel=\"noreferrer noopener\">Gal\u00e0 dei castelli Bellinzona 2026 | Fotos (Athletix.ch)<\/a><\/p>\n\n\n\n<h2 class=\"wp-block-heading\">Bericht<\/h2>\n","protected":false},"excerpt":{"rendered":"<p>Gal\u00e0 dei castelli Bellinzona Vorschau Am Sonntag findet in Bellinzona das GalAthletics (fr\u00fcher Gal\u00e0 dei castelli) Meeting statt. Enzo Diessl (SU Leibnitz) ist \u00fcber 110m H\u00fcrden am Start. Swiss Athletics | Tickets f\u00fcr das internationale Meeting in Bellinzona Leichtathletik.de | <a class=\"more-link\" href=\"https:\/\/trackandfield.bplaced.net\/blog\/2026\/08\/galathletics-bellinzona-2026-livestream-live-ergebnisse-zeitplan-startlisten\/\"><span class=\"screen-reader-text\">  GalAthletics Bellinzona 2026 &#8211; Livestream \/ Live-Ergebnisse \/ Zeitplan \/ Startlisten<\/span> weiterlesen<span class=\"meta-nav\">&rarr;<\/span><\/a><\/p>\n","protected":false},"author":1,"featured_media":0,"comment_status":"closed","ping_status":"closed","sticky":false,"template":"","format":"standard","meta":{"footnotes":""},"categories":[7],"tags":[4107,3410,1741,4106,140],"class_list":["post-42366","post","type-post","status-publish","format-standard","hentry","category-international","tag-bellinzona","tag-enzo-diessl","tag-gala-dei-castelli-bellinzona","tag-galathletics","tag-livestream"],"_links":{"self":[{"href":"https:\/\/trackandfield.bplaced.net\/blog\/wp-json\/wp\/v2\/posts\/42366","targetHints":{"allow":["GET"]}}],"collection":[{"href":"https:\/\/trackandfield.bplaced.net\/blog\/wp-json\/wp\/v2\/posts"}],"about":[{"href":"https:\/\/trackandfield.bplaced.net\/blog\/wp-json\/wp\/v2\/types\/post"}],"author":[{"embeddable":true,"href":"https:\/\/trackandfield.bplaced.net\/blog\/wp-json\/wp\/v2\/users\/1"}],"replies":[{"embeddable":true,"href":"https:\/\/trackandfield.bplaced.net\/blog\/wp-json\/wp\/v2\/comments?post=42366"}],"version-history":[{"count":5,"href":"https:\/\/trackandfield.bplaced.net\/blog\/wp-json\/wp\/v2\/posts\/42366\/revisions"}],"predecessor-version":[{"id":42388,"href":"https:\/\/trackandfield.bplaced.net\/blog\/wp-json\/wp\/v2\/posts\/42366\/revisions\/42388"}],"wp:attachment":[{"href":"https:\/\/trackandfield.bplaced.net\/blog\/wp-json\/wp\/v2\/media?parent=42366"}],"wp:term":[{"taxonomy":"category","embeddable":true,"href":"https:\/\/trackandfield.bplaced.net\/blog\/wp-json\/wp\/v2\/categories?post=42366"},{"taxonomy":"post_tag","embeddable":true,"href":"https:\/\/trackandfield.bplaced.net\/blog\/wp-json\/wp\/v2\/tags?post=42366"}],"curies":[{"name":"wp","href":"https:\/\/api.w.org\/{rel}","templated":true}]}}