{"id":42397,"date":"2026-09-01T21:33:53","date_gmt":"2026-09-01T19:33:53","guid":{"rendered":"https:\/\/trackandfield.bplaced.net\/blog\/?p=42397"},"modified":"2026-09-01T21:35:55","modified_gmt":"2026-09-01T19:35:55","slug":"serbia-athletics-meeting-belgrade-2026-livestream-live-ergebnisse-zeitplan-startlisten","status":"publish","type":"post","link":"https:\/\/trackandfield.bplaced.net\/blog\/2026\/09\/serbia-athletics-meeting-belgrade-2026-livestream-live-ergebnisse-zeitplan-startlisten\/","title":{"rendered":"Serbia Athletics Meeting Belgrade 2026 &#8211; Livestream \/ Live-Ergebnisse \/ Zeitplan \/ Startlisten"},"content":{"rendered":"\n<h1 class=\"wp-block-heading\"><a href=\"https:\/\/sas.rs\/cetvrti-serbian-athletics-meeting-7-avgusta-na-stadionu-u-beogradu\/\" target=\"_blank\" rel=\"noreferrer noopener\">Serbia Athletics Meeting<\/a><\/h1>\n\n\n\n<h2 class=\"wp-block-heading\">Vorschau<\/h2>\n\n\n\n<p class=\"wp-block-paragraph\">Am Mittwoch findet Belgrad das 5. Serbia Athletics (WACT Bronze) Meeting statt. Lena Pressler (Union St. P\u00f6lten) und Anja Dlauhy (ULC Riverside M\u00f6dling) sind \u00fcber 400m H\u00fcrden am Start.<\/p>\n\n\n\n<p class=\"wp-block-paragraph\"><a href=\"https:\/\/www.oelv.at\/de\/newsshow-kurzmeldungen-31.8.2026\" target=\"_blank\" rel=\"noopener\">\u00d6LV | Kurzmeldungen 31.8.2026<\/a><\/p>\n\n\n\n<h2 class=\"wp-block-heading\">Livestream &#8211; 02.09.2026 ab 17 Uhr MESZ<\/h2>\n\n\n\n<p class=\"wp-block-paragraph\"><a href=\"https:\/\/www.european-athletics.com\/home\/streaming\/onedaymeetings\/serbia-athletics-meeting\" target=\"_blank\" rel=\"noopener\">5. Serbia Athletics Meeting Belgrade 2026 | Livestream (EAA)<\/a><br \/><a href=\"https:\/\/www.youtube.com\/@srpskiatletskisavez3151\/streams\" target=\"_blank\" rel=\"noopener\">5. Serbia Athletics Meeting Belgrade 2026 | Livestream (Youtube?)<\/a><\/p>\n\n\n\n<iframe loading=\"lazy\" src=\"https:\/\/cdn.jwplayer.com\/players\/yaiNid7y-tsuA1vLY.html\" width=\"560px\" height=\"315px\" frameborder=\"0\" scrolling=\"auto\" allowfullscreen=\"\"><\/iframe>\n\n\n\n<h2 class=\"wp-block-heading\">Startlisten \/ Zeitplan \/ Live-Ergebnisse<\/h2>\n\n\n\n<p class=\"wp-block-paragraph\"><a href=\"https:\/\/data.opentrack.run\/en-gb\/x\/2026\/SRB\/sam\/timetable\/\" target=\"_blank\" rel=\"noopener\">5. Serbia Athletics Meeting Belgrade 2026 | Startlisten \/ Zeitplan \/ Live-Ergebnisse<\/a><br \/><a href=\"https:\/\/data.opentrack.run\/en-gb\/x\/2026\/SRB\/sam\/competitor\/\" target=\"_blank\" rel=\"noopener\">5. Serbia Athletics Meeting Belgrade 2026 | Teilnehmerliste<\/a><\/p>\n\n\n\n<h2 class=\"wp-block-heading\">Bericht<\/h2>\n","protected":false},"excerpt":{"rendered":"<p>Serbia Athletics Meeting Vorschau Am Mittwoch findet Belgrad das 5. Serbia Athletics (WACT Bronze) Meeting statt. Lena Pressler (Union St. P\u00f6lten) und Anja Dlauhy (ULC Riverside M\u00f6dling) sind \u00fcber 400m H\u00fcrden am Start. \u00d6LV | Kurzmeldungen 31.8.2026 Livestream &#8211; 02.09.2026 <a class=\"more-link\" href=\"https:\/\/trackandfield.bplaced.net\/blog\/2026\/09\/serbia-athletics-meeting-belgrade-2026-livestream-live-ergebnisse-zeitplan-startlisten\/\"><span class=\"screen-reader-text\">  Serbia Athletics Meeting Belgrade 2026 &#8211; Livestream \/ Live-Ergebnisse \/ Zeitplan \/ Startlisten<\/span> weiterlesen<span class=\"meta-nav\">&rarr;<\/span><\/a><\/p>\n","protected":false},"author":1,"featured_media":0,"comment_status":"closed","ping_status":"closed","sticky":false,"template":"","format":"standard","meta":{"footnotes":""},"categories":[3248,7],"tags":[3528,2649,140,3883],"class_list":["post-42397","post","type-post","status-publish","format-standard","hentry","category-upcoming","category-international","tag-anja-dlauhy","tag-lena-pressler","tag-livestream","tag-wact-bronze"],"_links":{"self":[{"href":"https:\/\/trackandfield.bplaced.net\/blog\/wp-json\/wp\/v2\/posts\/42397","targetHints":{"allow":["GET"]}}],"collection":[{"href":"https:\/\/trackandfield.bplaced.net\/blog\/wp-json\/wp\/v2\/posts"}],"about":[{"href":"https:\/\/trackandfield.bplaced.net\/blog\/wp-json\/wp\/v2\/types\/post"}],"author":[{"embeddable":true,"href":"https:\/\/trackandfield.bplaced.net\/blog\/wp-json\/wp\/v2\/users\/1"}],"replies":[{"embeddable":true,"href":"https:\/\/trackandfield.bplaced.net\/blog\/wp-json\/wp\/v2\/comments?post=42397"}],"version-history":[{"count":2,"href":"https:\/\/trackandfield.bplaced.net\/blog\/wp-json\/wp\/v2\/posts\/42397\/revisions"}],"predecessor-version":[{"id":42400,"href":"https:\/\/trackandfield.bplaced.net\/blog\/wp-json\/wp\/v2\/posts\/42397\/revisions\/42400"}],"wp:attachment":[{"href":"https:\/\/trackandfield.bplaced.net\/blog\/wp-json\/wp\/v2\/media?parent=42397"}],"wp:term":[{"taxonomy":"category","embeddable":true,"href":"https:\/\/trackandfield.bplaced.net\/blog\/wp-json\/wp\/v2\/categories?post=42397"},{"taxonomy":"post_tag","embeddable":true,"href":"https:\/\/trackandfield.bplaced.net\/blog\/wp-json\/wp\/v2\/tags?post=42397"}],"curies":[{"name":"wp","href":"https:\/\/api.w.org\/{rel}","templated":true}]}}