{"id":4823,"date":"2013-09-22T15:19:00","date_gmt":"2013-09-22T13:19:00","guid":{"rendered":"http:\/\/trackandfield.bplaced.net\/?p=4823"},"modified":"2013-09-23T19:03:00","modified_gmt":"2013-09-23T17:03:00","slug":"udine-halbmarathon-2013-christian-pflugl-verpasst-bestzeit-nur-knapp","status":"publish","type":"post","link":"https:\/\/trackandfield.bplaced.net\/blog\/2013\/09\/udine-halbmarathon-2013-christian-pflugl-verpasst-bestzeit-nur-knapp\/","title":{"rendered":"Udine Halbmarathon 2013 &#8211; Christian Pfl\u00fcgl verpasst Bestzeit nur knapp"},"content":{"rendered":"<p>Mit Rang 15 und 1:05:56 lief Christian Pfl\u00fcgl (SK V\u00f6st) beim Udine Halbmarathon nur 8s an seiner Bestzeit aus Fr\u00fchjahr in Linz vorbei. Die Form f\u00fcr den bevorstehenden Frankfurt Marathon scheint also zu stimmen. Auf den Pl\u00e4tzen 16 und 17 folgten mit Roman Weger und Christian Robin weitere \u00d6sterreicher (beide LC Villach) in 1:09:11 bzw. 1:09:12.<br \/>\n25s vor Pfl\u00fcgl kam Edwin Kemboi (LAC Klagenfurt) mit 1:05:31 als 12.ter ins Ziel. Noch schneller war Daniel Wanjiru Kinuya (run2gether) der in 1:02:27 Platz 6 belegte. 3s dahinter kam Andrea Lalli als bester Europ\u00e4er ins Ziel.<br \/>\nGewonnen hat \u00fcbrigens ein gewisser Geoffrey Mutai mit neuem Streckenrekord von 59:06 mit knapp 2 Minuten Vorsprung. Auch hier scheint die Form in Richtung <a href=\"http:\/\/www.iaaf.org\/news\/news\/defending-champions-to-clash-with-world-champ\" title=\"Defending champions to clash with World champions at New York Marathon\" target=\"_blank\">New York Marathon<\/a> zu stimmen.<\/p>\n<p><a href=\"http:\/\/www.iaaf.org\/news\/report\/mutai-warms-up-for-new-york-with-speedy-victo\" title=\"IAAF | Mutai warms up for New York with speedy victory in Udine\" target=\"_blank\">IAAF | Mutai warms up for New York with speedy victory in Udine<\/a><br \/>\n<a href=\"http:\/\/www.tds-live.com\/ns\/index.jsp?login&#038;password&#038;is_domenica=0&#038;nextRaceId&#038;dpbib&#038;dpcat&#038;dpsex&#038;serviziol=null&#038;id=5255&#038;pageType=1&#038;servizio=000&#038;locale=1040#\" title=\"Udine Halbmarathon 2013 | Ergebnisse \/ Results\" target=\"_blank\">Udine Halbmarathon 2013 | Ergebnisse \/ Results<\/a><\/p>\n<p>W\u00e4hrenddessen gewann G\u00fcnther Weidlinger (Union Neuhofen) den <a href=\"http:\/\/www.kaiserlauf.at\" title=\"Kaiserlauf Bad Ischl\" target=\"_blank\">Bad Ischler Kaiserlauf Halbmarathon<\/a> in 1:06:34 und wurde damit Ober\u00f6sterreichischer Landesmeister.<br \/>\n<a href=\"http:\/\/results2.pentek-timing.at\/results\/show_results_db.php?veranstnr=12076&#038;racenr=7\" title=\"Kaiserlauf Halbmarathon Bad Ischl 2013 | Ergebnis\" target=\"_blank\">Kaiserlauf Halbmarathon Bad Ischl 2013 | Ergebnis<\/a><\/p>\n","protected":false},"excerpt":{"rendered":"<p>Mit Rang 15 und 1:05:56 lief Christian Pfl\u00fcgl (SK V\u00f6st) beim Udine Halbmarathon nur 8s an seiner Bestzeit aus Fr\u00fchjahr in Linz vorbei. Die Form f\u00fcr den bevorstehenden Frankfurt Marathon scheint also zu stimmen. Auf den Pl\u00e4tzen 16 und 17 <a class=\"more-link\" href=\"https:\/\/trackandfield.bplaced.net\/blog\/2013\/09\/udine-halbmarathon-2013-christian-pflugl-verpasst-bestzeit-nur-knapp\/\"><span class=\"screen-reader-text\">  Udine Halbmarathon 2013 &#8211; Christian Pfl\u00fcgl verpasst Bestzeit nur knapp<\/span> weiterlesen<span class=\"meta-nav\">&rarr;<\/span><\/a><\/p>\n","protected":false},"author":1,"featured_media":0,"comment_status":"closed","ping_status":"closed","sticky":false,"template":"","format":"standard","meta":{"footnotes":""},"categories":[8],"tags":[868,163,210,271,170,867],"class_list":["post-4823","post","type-post","status-publish","format-standard","hentry","category-national","tag-andrea-lalli","tag-christian-pflugl","tag-geoffrey-mutai","tag-halbmarathon","tag-roman-weger","tag-udine"],"_links":{"self":[{"href":"https:\/\/trackandfield.bplaced.net\/blog\/wp-json\/wp\/v2\/posts\/4823","targetHints":{"allow":["GET"]}}],"collection":[{"href":"https:\/\/trackandfield.bplaced.net\/blog\/wp-json\/wp\/v2\/posts"}],"about":[{"href":"https:\/\/trackandfield.bplaced.net\/blog\/wp-json\/wp\/v2\/types\/post"}],"author":[{"embeddable":true,"href":"https:\/\/trackandfield.bplaced.net\/blog\/wp-json\/wp\/v2\/users\/1"}],"replies":[{"embeddable":true,"href":"https:\/\/trackandfield.bplaced.net\/blog\/wp-json\/wp\/v2\/comments?post=4823"}],"version-history":[{"count":0,"href":"https:\/\/trackandfield.bplaced.net\/blog\/wp-json\/wp\/v2\/posts\/4823\/revisions"}],"wp:attachment":[{"href":"https:\/\/trackandfield.bplaced.net\/blog\/wp-json\/wp\/v2\/media?parent=4823"}],"wp:term":[{"taxonomy":"category","embeddable":true,"href":"https:\/\/trackandfield.bplaced.net\/blog\/wp-json\/wp\/v2\/categories?post=4823"},{"taxonomy":"post_tag","embeddable":true,"href":"https:\/\/trackandfield.bplaced.net\/blog\/wp-json\/wp\/v2\/tags?post=4823"}],"curies":[{"name":"wp","href":"https:\/\/api.w.org\/{rel}","templated":true}]}}