{"id":6624,"date":"2014-04-25T19:17:08","date_gmt":"2014-04-25T17:17:08","guid":{"rendered":"http:\/\/trackandfield.bplaced.net\/?p=6624"},"modified":"2014-04-27T08:44:41","modified_gmt":"2014-04-27T06:44:41","slug":"lukas-weisshaidinger-naehert-sich-der-em-norm-diskus-pb-6002m","status":"publish","type":"post","link":"https:\/\/trackandfield.bplaced.net\/blog\/2014\/04\/lukas-weisshaidinger-naehert-sich-der-em-norm-diskus-pb-6002m\/","title":{"rendered":"Lukas Wei\u00dfhaidinger n\u00e4hert sich der EM-Norm &#8211; Diskus PB 60,02m"},"content":{"rendered":"<p>Die Saison begann sehr ordentlich f\u00fcr unseren Diskus U20-Europameister aus dem Jahr 2011. Beim <a href=\"http:\/\/www.oelv.at\/competitions\/details.php?id=14523\" title=\"10. Werfermeeting in Neuhofen\/Krems\" target=\"_blank\">Werfermeeting in Neuhofen\/Krems<\/a> konnte Lukas Wei\u00dfhaidinger (\u00d6TB O\u00d6 LA), <a href=\"https:\/\/www.facebook.com\/265230102473\/photos\/a.10151899141377474.1073741825.265230102473\/10152446747757474\/?type=1&#038;stream_ref=10\" title=\"Facebook | Lukas Wei\u00dfhaidinger\" target=\"_blank\">laut Facebook<\/a>, seine Bestleistung um 89cm steigern. Das <a href=\"http:\/\/www.oelv.at\/static\/verband\/sport\/limits2014.pdf\" title=\"\u00d6LV - Limits f\u00fcr internationale Meisterschaften 2014\" target=\"_blank\">EM-Limit betr\u00e4gt 62,30m<\/a>.<br \/>\n<a href=\"http:\/\/www.oelv.at\/news\/detail.php?id=4739&#038;lang=de\" title=\"\u00d6LV | Lukas Wei\u00dfhaidinger wirft erstmals \u00fcber 60 Meter - \u00d6LV U23 Rekord\" target=\"_blank\">\u00d6LV | Lukas Wei\u00dfhaidinger wirft erstmals \u00fcber 60 Meter &#8211; \u00d6LV U23 Rekord<\/a><\/p>\n<p>Gestern startete bereits U20-Hammerwerferin Bettina Weber (SVS-LA) mit einer neuen pers\u00f6nlichen Bestmarke (52,04m) in die Saison.<br \/>\n<a href=\"http:\/\/www.oelv.at\/news\/detail.php?id=4736&#038;lang=de\" title=\"\u00d6LV | Bettina Weber startet mit neuer Hammer-Bestleistung in die Freiluftsaison\" target=\"_blank\">\u00d6LV | Bettina Weber startet mit neuer Hammer-Bestleistung in die Freiluftsaison<\/a><\/p>\n<p>Dominik Distelberger (UVB Purgstall) legte mit einer PB am Samstag nach.<br \/>\n<a href=\"http:\/\/oelv.at\/news\/detail.php?id=4740\" title=\"\u00d6LV | Dominik Distelberger startet mit Diskusbestleistung in die Freiluftsaison\" target=\"_blank\">\u00d6LV | Dominik Distelberger startet mit Diskusbestleistung in die Freiluftsaison<\/a><\/p>\n","protected":false},"excerpt":{"rendered":"<p>Die Saison begann sehr ordentlich f\u00fcr unseren Diskus U20-Europameister aus dem Jahr 2011. Beim Werfermeeting in Neuhofen\/Krems konnte Lukas Wei\u00dfhaidinger (\u00d6TB O\u00d6 LA), laut Facebook, seine Bestleistung um 89cm steigern. Das EM-Limit betr\u00e4gt 62,30m. \u00d6LV | Lukas Wei\u00dfhaidinger wirft erstmals <a class=\"more-link\" href=\"https:\/\/trackandfield.bplaced.net\/blog\/2014\/04\/lukas-weisshaidinger-naehert-sich-der-em-norm-diskus-pb-6002m\/\"><span class=\"screen-reader-text\">  Lukas Wei\u00dfhaidinger n\u00e4hert sich der EM-Norm &#8211; Diskus PB 60,02m<\/span> weiterlesen<span class=\"meta-nav\">&rarr;<\/span><\/a><\/p>\n","protected":false},"author":1,"featured_media":0,"comment_status":"closed","ping_status":"closed","sticky":false,"template":"","format":"standard","meta":{"footnotes":""},"categories":[8],"tags":[685,122,119,646],"class_list":["post-6624","post","type-post","status-publish","format-standard","hentry","category-national","tag-bettina-weber","tag-dominik-distelberger","tag-lukas-weishaidinger","tag-olv"],"_links":{"self":[{"href":"https:\/\/trackandfield.bplaced.net\/blog\/wp-json\/wp\/v2\/posts\/6624","targetHints":{"allow":["GET"]}}],"collection":[{"href":"https:\/\/trackandfield.bplaced.net\/blog\/wp-json\/wp\/v2\/posts"}],"about":[{"href":"https:\/\/trackandfield.bplaced.net\/blog\/wp-json\/wp\/v2\/types\/post"}],"author":[{"embeddable":true,"href":"https:\/\/trackandfield.bplaced.net\/blog\/wp-json\/wp\/v2\/users\/1"}],"replies":[{"embeddable":true,"href":"https:\/\/trackandfield.bplaced.net\/blog\/wp-json\/wp\/v2\/comments?post=6624"}],"version-history":[{"count":0,"href":"https:\/\/trackandfield.bplaced.net\/blog\/wp-json\/wp\/v2\/posts\/6624\/revisions"}],"wp:attachment":[{"href":"https:\/\/trackandfield.bplaced.net\/blog\/wp-json\/wp\/v2\/media?parent=6624"}],"wp:term":[{"taxonomy":"category","embeddable":true,"href":"https:\/\/trackandfield.bplaced.net\/blog\/wp-json\/wp\/v2\/categories?post=6624"},{"taxonomy":"post_tag","embeddable":true,"href":"https:\/\/trackandfield.bplaced.net\/blog\/wp-json\/wp\/v2\/tags?post=6624"}],"curies":[{"name":"wp","href":"https:\/\/api.w.org\/{rel}","templated":true}]}}