{"id":6668,"date":"2014-04-28T18:01:36","date_gmt":"2014-04-28T16:01:36","guid":{"rendered":"http:\/\/trackandfield.bplaced.net\/?p=6668"},"modified":"2014-04-30T21:11:27","modified_gmt":"2014-04-30T19:11:27","slug":"guenther-weidlinger-hoert-auf","status":"publish","type":"post","link":"https:\/\/trackandfield.bplaced.net\/blog\/2014\/04\/guenther-weidlinger-hoert-auf\/","title":{"rendered":"G\u00fcnther Weidlinger h\u00f6rt auf :-("},"content":{"rendered":"<p>Der vermutlich bislang vielseitigste L\u00e4ufer \u00d6sterreichs (<a href=\"http:\/\/www.oelv.at\/lists\/statistik.php?association=5&#038;ageGroup=2&#038;location=out\" title=\"\u00d6LV Rekorde\" target=\"_blank\">1500m, 5000m &#8211; Marathon Rekorde<\/a>) G\u00fcnther Weidlinger h\u00f6rt also (international) auf. Viel gibt es dazu eigentlich nicht zu sagen, au\u00dfer danke f\u00fcr deinen l\u00e4uferischen Einsatz f\u00fcr \u00d6sterreich, herzlichen Dank f\u00fcr deine Bekanntschaft, Freundschaft und alles Gute f\u00fcr die Zukunft!<\/p>\n<p><a href=\"http:\/\/www.oelv.at\/news\/detail.php?id=4741&#038;lang=de\" title=\"\u00d6LV | G\u00fcnther Weidlinger beendet seine internationale Laufbahn\" target=\"_blank\">\u00d6LV | G\u00fcnther Weidlinger beendet seine internationale Laufbahn<\/a><br \/>\n<a href=\"http:\/\/sport.orf.at\/stories\/2206517\/2206516\/\" title=\"ORF | \u201eWar vor\u00fcbergehend ein Pflegefall\u201c\" target=\"_blank\">ORF | \u201eWar vor\u00fcbergehend ein Pflegefall\u201c<\/a><br \/>\n<a href=\"http:\/\/diepresse.com\/home\/sport\/mehrsport\/1599328\/Ausnahmeathlet-Weidlinger-ist-nur-noch-Hobbylaeufer\" title=\"DiePresse | Ausnahmeathlet Weidlinger ist nur noch Hobbyl\u00e4ufer\" target=\"_blank\">DiePresse | Ausnahmeathlet Weidlinger ist nur noch Hobbyl\u00e4ufer<\/a><br \/>\n<a href=\"derstandard.at\/1397521826212\/Guenther-Weidlinger-beendet-internationale-Karriere\" title=\"derstandard.at | G\u00fcnther Weidlinger beendet internationale Karriere\" target=\"_blank\">derstandard.at | G\u00fcnther Weidlinger beendet internationale Karriere<\/a><br \/>\n<a href=\"http:\/\/www.nachrichten.at\/sport\/mehr_sport\/Guenther-Weidlinger-beendet-internationale-Karriere;art109,1370706\" title=\"Nachrichten.at | G\u00fcnther Weidlinger beendet internationale Karriere\" target=\"_blank\">Nachrichten.at | G\u00fcnther Weidlinger beendet internationale Karriere<\/a><\/p>\n<h4>EM Marathon (bzw. Marathon-Europacup) mit Christian Pfl\u00fcgl?<\/h4>\n<p>Ein Fragezeichen darf nun allerdings <a href=\"https:\/\/www.facebook.com\/permalink.php?story_fbid=1464922583743620&#038;id=1450644955171383&#038;stream_ref=10\" title=\"EM Nominierung Christian Pfl\u00fcgl - Z\u00fcrich2014\" target=\"_blank\">hinter die EM-Nominierung<\/a> von Christian Pfl\u00fcgl gestellt werden. Denn schlie\u00dflich wurde die EM-Norm von 2:17:00 um eine Minute beim Vienna City Marathon verfehlt und f\u00fcr die Nominierung in den Marathon-Europacup m\u00fcss(t)en laut <a href=\"http:\/\/www.oelv.at\/static\/verband\/sport\/nominierung2014.pdf\" title=\"\u00d6LV Kriterien 4 L\u00e4ufer einen Schnitt unter 2:18:00\" target=\"_blank\">\u00d6LV Kriterien 4 L\u00e4ufer einen Schnitt unter 2:18:00<\/a> laufen, was mit gro\u00dfer Wahrscheinlichkeit (ohne Einb\u00fcrgerungen) nicht mehr der Fall sein wird. In diesem Fall darf man gespannt sein, ob auch bei etwaigen anderen, doch deutlichen, Limitverfehlungen derartige Milde gelten wird.<\/p>\n<p><a href=\"http:\/\/www.oelv.at\/news\/detail.php?id=4747&#038;lang=de\" title=\"\u00d6LV | \u00d6LV nimmt erste Nominierungen f\u00fcr Z\u00fcrich vor\" target=\"_blank\">\u00d6LV | \u00d6LV nimmt erste Nominierungen f\u00fcr Z\u00fcrich vor<\/a><\/p>\n","protected":false},"excerpt":{"rendered":"<p>Der vermutlich bislang vielseitigste L\u00e4ufer \u00d6sterreichs (1500m, 5000m &#8211; Marathon Rekorde) G\u00fcnther Weidlinger h\u00f6rt also (international) auf. Viel gibt es dazu eigentlich nicht zu sagen, au\u00dfer danke f\u00fcr deinen l\u00e4uferischen Einsatz f\u00fcr \u00d6sterreich, herzlichen Dank f\u00fcr deine Bekanntschaft, Freundschaft und <a class=\"more-link\" href=\"https:\/\/trackandfield.bplaced.net\/blog\/2014\/04\/guenther-weidlinger-hoert-auf\/\"><span class=\"screen-reader-text\">  G\u00fcnther Weidlinger h\u00f6rt auf \ud83d\ude41<\/span> weiterlesen<span class=\"meta-nav\">&rarr;<\/span><\/a><\/p>\n","protected":false},"author":1,"featured_media":0,"comment_status":"closed","ping_status":"closed","sticky":false,"template":"","format":"standard","meta":{"footnotes":""},"categories":[8],"tags":[163,95,15],"class_list":["post-6668","post","type-post","status-publish","format-standard","hentry","category-national","tag-christian-pflugl","tag-em","tag-weidlinger"],"_links":{"self":[{"href":"https:\/\/trackandfield.bplaced.net\/blog\/wp-json\/wp\/v2\/posts\/6668","targetHints":{"allow":["GET"]}}],"collection":[{"href":"https:\/\/trackandfield.bplaced.net\/blog\/wp-json\/wp\/v2\/posts"}],"about":[{"href":"https:\/\/trackandfield.bplaced.net\/blog\/wp-json\/wp\/v2\/types\/post"}],"author":[{"embeddable":true,"href":"https:\/\/trackandfield.bplaced.net\/blog\/wp-json\/wp\/v2\/users\/1"}],"replies":[{"embeddable":true,"href":"https:\/\/trackandfield.bplaced.net\/blog\/wp-json\/wp\/v2\/comments?post=6668"}],"version-history":[{"count":0,"href":"https:\/\/trackandfield.bplaced.net\/blog\/wp-json\/wp\/v2\/posts\/6668\/revisions"}],"wp:attachment":[{"href":"https:\/\/trackandfield.bplaced.net\/blog\/wp-json\/wp\/v2\/media?parent=6668"}],"wp:term":[{"taxonomy":"category","embeddable":true,"href":"https:\/\/trackandfield.bplaced.net\/blog\/wp-json\/wp\/v2\/categories?post=6668"},{"taxonomy":"post_tag","embeddable":true,"href":"https:\/\/trackandfield.bplaced.net\/blog\/wp-json\/wp\/v2\/tags?post=6668"}],"curies":[{"name":"wp","href":"https:\/\/api.w.org\/{rel}","templated":true}]}}