{"id":6693,"date":"2014-05-03T00:06:19","date_gmt":"2014-05-02T22:06:19","guid":{"rendered":"http:\/\/trackandfield.bplaced.net\/?p=6693"},"modified":"2014-05-05T19:10:27","modified_gmt":"2014-05-05T17:10:27","slug":"10000m-dm-in-aichach-wird-ein-oesterreicher-deutscher-meister-bzw-faellt-ein-em-limit","status":"publish","type":"post","link":"https:\/\/trackandfield.bplaced.net\/blog\/2014\/05\/10000m-dm-in-aichach-wird-ein-oesterreicher-deutscher-meister-bzw-faellt-ein-em-limit\/","title":{"rendered":"10000m DM in Aichach &#8211; Wird ein \u00d6sterreicher &#8222;Deutscher Meister&#8220; bzw. f\u00e4llt ein EM-Limit?"},"content":{"rendered":"<h2>Vorschau<\/h2>\n<p>Die Bedingungen um bei deutschen 10000m Meisterschaften starten zu k\u00f6nnen, sind etwas andere wie in \u00d6sterreich. 30:40 bei den M\u00e4nnern bzw. 36:10 bei den Frauen sind gefordert f\u00fcr eine Teilnahme. Entsprechend d\u00fcnn ges\u00e4t (f\u00fcr deutsche Verh\u00e4ltnisse) sind auch die Teilnehmerzahlen. 24 M\u00e4nner und 14 Frauen in der AK stehen auf der Meldeliste, dazu kommen allerdings noch die Nachwuchs- und Mastersklassen. Au\u00dfer Wertung gemeldet sind auch die \u00d6sterreicher Valentin Pfeil (LAC Amateure Steyr), Christian Steinhammer (USKO Melk) und Anita Baierl (TUS Kremsm\u00fcnster). F\u00fcr ein etwaiges <a href=\"http:\/\/www.oelv.at\/static\/verband\/sport\/limits2014.pdf\" title=\"\u00d6LV | Internationale Limits 2014\" target=\"_blank\">EM-Limit (M\u00e4nner 28:55, Frauen 33:30)<\/a> ist auf alle F\u00e4lle eine Topplatzierung, wie auch eine deutliche Steigerung der Bestleistung n\u00f6tig. Zumindest die Spitze der <a href=\"http:\/\/www.oelv.at\/lists\/index.php?Year=2014&#038;discipline=38&#038;ageGroup=2&#038;location=out&#038;association=5&#038;club=\" title=\"\u00f6sterreichischen Bestenliste\" target=\"_blank\">\u00f6sterreichischen Bestenliste<\/a> sollte aber klar in Reichweite sein.<\/p>\n<p><a href=\"http:\/\/www.leichtathletik.de\/index.php?SiteID=28&#038;NewsID=46873&#038;et_cid=1&#038;et_lid=1\" title=\"Leichtathletik.de | Langstrecken-DM l\u00e4utet Bahnsaison ein\" target=\"_blank\">Leichtathletik.de | Langstrecken-DM l\u00e4utet Bahnsaison ein<\/a><\/p>\n<p>F\u00fcr den derzeit st\u00e4rksten Bahnl\u00e4ufer Deutschlands, Arne Gabius, ist dieses Feld allerdings nicht passend, so versucht er am Sonntag beim Payton Jordan Invitational eine schnelle 10000m Zeit zu erlaufen. G\u00fcnther Weidlinger stellte dort 2008 seinen <a href=\"http:\/\/www.oelv.at\/lists\/statistik.php?association=5&#038;ageGroup=2&#038;location=out\" title=\"\u00d6LV | Rekorde\" target=\"_blank\">10000m \u00d6LV-Rekord \u00fcber 27:36,46<\/a> auf und wurde hinter Craig Mottram Zweiter. <a href=\"https:\/\/livecoverage.flotrack.org\/event\/135-payton-jordan-invite\" title=\"Flotrack PRO | Payton Jordan Invite 2014\" target=\"_blank\">Flotrack PRO<\/a> Mitglieder k\u00f6nnen das Meeting live verfolgen.<\/p>\n<p><a href=\"http:\/\/www.leichtathletik.de\/index.php?SiteID=28&#038;NewsID=46901&#038;et_cid=1&#038;et_lid=1\" title=\"Leichtathletik.de | Gabius vor richtungsweisendem Lauf in den USA\" target=\"_blank\">Leichtathletik.de | Gabius vor richtungsweisendem Lauf in den USA<\/a><\/p>\n<h2>Ausschreibung \/ Meldeliste<\/h2>\n<p><a href=\"http:\/\/www.leichtathletik.de\/dokumente\/ausschreibung.asp?ID=4981\" title=\"10000m DM Aichach am 03.05.2014 | Ausschreibung\" target=\"_blank\">10000m DM Aichach am 03.05.2014 | Ausschreibung<\/a><br \/>\n<a href=\"http:\/\/www.leichtathletik.de\/dokumente\/teilnehmer.asp?ID=4981\" title=\"10000m DM Aichach am 03.05.2014 | Meldeliste\" target=\"_blank\">10000m DM Aichach am 03.05.2014 | Meldeliste<\/a><br \/>\n<a href=\"http:\/\/rtspt.com\/events\/stanford\/pjc14\/pjc_sections.htm\" title=\"Payton Jordan Invitational 2014 | Meldeliste (mit Laufeinteilung)\" target=\"_blank\">Payton Jordan Invitational 2014 | Meldeliste (mit Laufeinteilung)<\/a><\/p>\n<h2>Ergebnisse<\/h2>\n<p><a href=\"http:\/\/www.leichtathletik.de\/results\/6825_140503_langstreckendm.htm\" title=\"Leichtathletik.de | Ergebnisse\" target=\"_blank\">Leichtathletik.de | Langstrecken DM 2014 Aichach Ergebnisse<\/a><br \/>\n<a href=\"https:\/\/www.facebook.com\/media\/set\/?set=a.619822921442143.1073741860.469889789768791&#038;type=1\" title=\"Facebook Fartlek | 10000m DM Aichach 2014 - &quot;Live&quot;-Ergebnisse + Fotos\" target=\"_blank\">Facebook Fartlek | 10000m DM Aichach 2014 &#8211; &#8222;Live&#8220;-Ergebnisse + Fotos<\/a><br \/>\n<a href=\"https:\/\/www.facebook.com\/dlvlounge\" title=\"Facebook DLV-Lounge | 10000m DM Aichach 2014 - &quot;Liveticker&quot; + Fotos\" target=\"_blank\">Facebook DLV-Lounge | 10000m DM Aichach 2014 &#8211; &#8222;Liveticker&#8220; + Fotos<\/a><\/p>\n<p>Da gab es schon gleich einige tolle Zeiten beim Payton Jordan Invitational. Arne Gabius legt die 10000m in 27:55,35 zur\u00fcck. Bei den Frauen gewann Sally Kipyego in 30:42,26 vor Molly Huddle in 30:47,59. Die mit Spannung erwarteten 5000m gewann Ben True in 13:02,74. Die derzeit noch 17-j\u00e4hrige <a href=\"http:\/\/www.iaaf.org\/athletes\/united-states\/elise-cranny-281607\" title=\"Elise Cranny\" target=\"_blank\">Elise Cranny<\/a> schob sich mit 4:10,95 auf Rang 2 der ewigen <a href=\"http:\/\/usa.milesplit.com\/articles\/127299-elise-cranny-chasing-jordans-time-in-payton-jordan-invite-1500\" title=\"Elise Cranny chasing Jordan's time in Payton Jordan Invite 1500\" target=\"_blank\">High School Bestenliste<\/a>!<br \/>\n<a href=\"http:\/\/www.rtspt.com\/events\/stanford\/pjc14\/\" title=\"Payton Jordan Invitational 2014 | Live-Ergebnisse\" target=\"_blank\">Payton Jordan Invitational 2014 | Live-Ergebnisse<\/a><\/p>\n<h2>Fotos<\/h2>\n<p><a href=\"https:\/\/www.facebook.com\/siri.sundberg\/media_set?set=a.469675109799574.1073741859.100002712676328&#038;type=1\" title=\"Facebook Sabine M\u00fcnch | DM 5.000\/10.000m Aichach 2014\" target=\"_blank\">Facebook Sabine M\u00fcnch | DM 5.000\/10.000m Aichach 2014<\/a><\/p>\n<h2>Berichte<\/h2>\n<p>Valentin Pfeil legt die ersten 4km in 11:36 zur\u00fcck. 5km Durchgangszeit der 9-k\u00f6pfigen Spitzengruppe: 14:28. Mit 29:30,00 verbessert Valentin Pfeil seine Bestmarke aus dem vergangenen Jahr um mehr als 16s! Christian Steinhammer gab das Rennen aus mir unbekannten Gr\u00fcnden (eventuell Tempomacher) auf. Anita Baierl <del datetime=\"2014-05-03T21:38:13+00:00\">war nicht am Start<\/del> scheint derzeit in der Ergebnisliste noch nicht auf, ist aber <del datetime=\"2014-05-04T09:24:10+00:00\">inoffiziell mit 33:59<\/del> mit 34:00,48 eine Bestzeit gelaufen. Beide \u00fcbernahmen damit die Spitze in der <a href=\"http:\/\/www.oelv.at\/lists\/index.php?Year=2014&#038;discipline=38&#038;ageGroup=2&#038;location=out&#038;association=5&#038;club=\" title=\"\u00d6LV | Jahresbestenliste\" target=\"_blank\">\u00d6LV-Jahresbestenliste<\/a>. F\u00fcr Baierl <del datetime=\"2014-05-04T09:24:48+00:00\">w\u00e4re es bei best\u00e4tigter Zeit<\/del> ist dies auch ein O\u00d6LV Landesrekord.<\/p>\n<p><a href=\"http:\/\/www.oelv.at\/news\/detail.php?id=4751&#038;lang=de\" title=\"\u00d6LV | Baierl und Pfeil laufen 10.000m Bestzeiten bei Deutschen Meisterschaften\" target=\"_blank\">\u00d6LV | Baierl und Pfeil laufen 10.000m Bestzeiten bei Deutschen Meisterschaften<\/a><br \/>\n<a href=\"http:\/\/www.leichtathletik.de\/index.php?SiteID=28&#038;NewsID=46915&#038;et_cid=1&#038;et_lid=1\" title=\"Leichtathletik.de | Reh: \u201eKann kaum glauben, wie schnell es war&quot;\" target=\"_blank\">Leichtathletik.de | Reh: \u201eKann kaum glauben, wie schnell es war&#8220;<\/a><br \/>\n<a href=\"http:\/\/leichtathletik.de\/index.php?NavID=1&#038;SiteID=28&#038;NewsID=46912\" title=\"Leichtathletik.de | U20-Rekord f\u00fcr Reh - Titel an Harrer und Ringer\" target=\"_blank\">Leichtathletik.de | U20-Rekord f\u00fcr Reh &#8211; Titel an Harrer und Ringer<\/a><\/p>\n","protected":false},"excerpt":{"rendered":"<p>Vorschau Die Bedingungen um bei deutschen 10000m Meisterschaften starten zu k\u00f6nnen, sind etwas andere wie in \u00d6sterreich. 30:40 bei den M\u00e4nnern bzw. 36:10 bei den Frauen sind gefordert f\u00fcr eine Teilnahme. Entsprechend d\u00fcnn ges\u00e4t (f\u00fcr deutsche Verh\u00e4ltnisse) sind auch die <a class=\"more-link\" href=\"https:\/\/trackandfield.bplaced.net\/blog\/2014\/05\/10000m-dm-in-aichach-wird-ein-oesterreicher-deutscher-meister-bzw-faellt-ein-em-limit\/\"><span class=\"screen-reader-text\">  10000m DM in Aichach &#8211; Wird ein \u00d6sterreicher &#8222;Deutscher Meister&#8220; bzw. f\u00e4llt ein EM-Limit?<\/span> weiterlesen<span class=\"meta-nav\">&rarr;<\/span><\/a><\/p>\n","protected":false},"author":1,"featured_media":0,"comment_status":"closed","ping_status":"closed","sticky":false,"template":"","format":"standard","meta":{"footnotes":""},"categories":[8],"tags":[97,1226,189,523,103,577,1225,1240,1077,294,291,943,164,367,102],"class_list":["post-6693","post","type-post","status-publish","format-standard","hentry","category-national","tag-10000m","tag-alina-reh","tag-anita-baierl","tag-arne-gabius","tag-christian-steinhammer","tag-corinna-harrer","tag-dm","tag-elise-cranny","tag-homiyu-tesfaye","tag-molly-huddle","tag-payton-jordan-invitational","tag-richard-ringer","tag-sabrina-mockenhaupt","tag-sally-kipyego","tag-valentin-pfeil"],"_links":{"self":[{"href":"https:\/\/trackandfield.bplaced.net\/blog\/wp-json\/wp\/v2\/posts\/6693","targetHints":{"allow":["GET"]}}],"collection":[{"href":"https:\/\/trackandfield.bplaced.net\/blog\/wp-json\/wp\/v2\/posts"}],"about":[{"href":"https:\/\/trackandfield.bplaced.net\/blog\/wp-json\/wp\/v2\/types\/post"}],"author":[{"embeddable":true,"href":"https:\/\/trackandfield.bplaced.net\/blog\/wp-json\/wp\/v2\/users\/1"}],"replies":[{"embeddable":true,"href":"https:\/\/trackandfield.bplaced.net\/blog\/wp-json\/wp\/v2\/comments?post=6693"}],"version-history":[{"count":0,"href":"https:\/\/trackandfield.bplaced.net\/blog\/wp-json\/wp\/v2\/posts\/6693\/revisions"}],"wp:attachment":[{"href":"https:\/\/trackandfield.bplaced.net\/blog\/wp-json\/wp\/v2\/media?parent=6693"}],"wp:term":[{"taxonomy":"category","embeddable":true,"href":"https:\/\/trackandfield.bplaced.net\/blog\/wp-json\/wp\/v2\/categories?post=6693"},{"taxonomy":"post_tag","embeddable":true,"href":"https:\/\/trackandfield.bplaced.net\/blog\/wp-json\/wp\/v2\/tags?post=6693"}],"curies":[{"name":"wp","href":"https:\/\/api.w.org\/{rel}","templated":true}]}}