{"id":7517,"date":"2014-07-05T10:14:40","date_gmt":"2014-07-05T08:14:40","guid":{"rendered":"http:\/\/trackandfield.bplaced.net\/?p=7517"},"modified":"2014-07-08T07:03:48","modified_gmt":"2014-07-08T05:03:48","slug":"23th-memorial-leon-buyle-oordegem-2014-startlisten-zeitplan-ergebnisse-mit-kain-maerzendorfer-und-niedereder-wenth-in-regensburg","status":"publish","type":"post","link":"https:\/\/trackandfield.bplaced.net\/blog\/2014\/07\/23th-memorial-leon-buyle-oordegem-2014-startlisten-zeitplan-ergebnisse-mit-kain-maerzendorfer-und-niedereder-wenth-in-regensburg\/","title":{"rendered":"23th Memorial L\u00e9on Buyle Oordegem 2014 &#8211; Startlisten \/ Zeitplan \/ Ergebnisse mit Kain, M\u00e4rzendorfer und Niedereder + Wenth in Regensburg!"},"content":{"rendered":"<h2>Vorschau<\/h2>\n<p>Thomas Kain (ATSV OMV Auersthal), Pamela M\u00e4rzendorfer (LCAV Jodl Packaging) und Elisabeth Niedereder (team2012.at)  stehen auf der Meldeliste f\u00fcr das <a href=\"http:\/\/www.memorialbuyle.be\/\" title=\"23th Memorial L\u00e9on Buyle in Oordegem\" target=\"_blank\">23th Memorial L\u00e9on Buyle in Oordegem<\/a>. Elisabeth Niedereder hat \u00fcber 800m (18:25) und 1500m (20:00) gemeldet, w\u00e4hrend Pamela M\u00e4rzendorfer bew\u00e4hrt \u00fcber 800m in der Meldeliste aufscheint. Thomas Kain wird sich bereits um 14:15 ein weiteres Mal am EM-Limit \u00fcber die 400m H\u00fcrden (51,10s) versuchen.<\/p>\n<p>Auch f\u00fcr einige Deutsche ist das Meeting sehr interessant.<br \/>\n<a href=\"http:\/\/www.leichtathletik.de\/news\/news\/detail\/oordegem-wird-zum-deutschen-heimspiel\/\" title=\"Leichtathletik.de | Oordegem wird zum deutschen Heimspiel\" target=\"_blank\">Leichtathletik.de | Oordegem wird zum deutschen Heimspiel<\/a><\/p>\n<p>Anderswo, aber nicht weniger interessant wird der EM-Limitversuch von Jennifer Wenth (SVS-Leichtathletik) und der Deutschen Maren Kock (LG Telis Finanz Regensburg) in Regensburg um 21:40.<br \/>\n<a href=\"http:\/\/www.mittelbayerische.de\/sport\/regensburg\/sport-aus-der-region-regensburg\/artikel\/die-regensburger-jagd-nach-normen\/1087749\/die-regensburger-jagd-nach-normen.html\" title=\"Mittelbayrische | Die Regensburger Jagd nach Normen\" target=\"_blank\">Mittelbayrische | Die Regensburger Jagd nach Normen<\/a><\/p>\n<blockquote><p>Jetzt soll eine \u201evon den \u00d6sterreichern eingekaufte\u201c ukrainische Tempomacherin dem Duo in die Spur helfen.<\/p><\/blockquote>\n<p>Morgen versucht auch noch Gerhard Mayer (SVS-Leichtathletik) in Helsingborg den Diskus \u00fcber das EM-Limit zu schleudern.<\/p>\n<h2>Startlisten \/ Zeitplan \/ Ergebnisse<\/h2>\n<p><a href=\"http:\/\/liveresults.be\/2014\/memorialbuyle\/schedule.html\" title=\"23th Memorial L\u00e9on Buyle Oordegem 2014 | Live-Ergebnisse \/ Zeitplan\" target=\"_blank\">23th Memorial L\u00e9on Buyle Oordegem 2014 | Live-Ergebnisse \/ Zeitplan<\/a><br \/>\n<a href=\"http:\/\/servnetsport.be\/competition_manager\/competitions\/view\/14\" title=\"23th Memorial L\u00e9on Buyle Oordegem 2014 | Startlisten \/ Zeitplan\" target=\"_blank\">23th Memorial L\u00e9on Buyle Oordegem 2014 | Startlisten \/ Zeitplan<\/a><\/p>\n<p><a href=\"http:\/\/lg-telis-finanz.de\/2014_sueddeutsche\/laive\/\" title=\"S\u00fcddeutsche Meisterschaften M\u00e4nner\/Frauen\/U18 2014 am 05.07.2014\/06.07.2014 in Regensburg | Live-Ergebnisse \/ Startlisten \/ Zeitplan\" target=\"_blank\">S\u00fcddeutsche Meisterschaften Regensburg 2014 | Live-Ergebnisse \/ Startlisten \/ Zeitplan<\/a><\/p>\n<h2>Videos<\/h2>\n<p><a href=\"http:\/\/vimeo.com\/atletieknieuws\/videos\" title=\"23th Memorial L\u00e9on Buyle Oordegem 2014 | Videos\" target=\"_blank\">23th Memorial L\u00e9on Buyle Oordegem 2014 | Videos<\/a><\/p>\n<h2>Bericht<\/h2>\n<p>Jennifer Wenth (SVS-Leichtathletik) unterbot beim 5000m Lauf im Rahmen der s\u00fcddeutschen Meisterschaften in Regensburg das Limit in 15:43,31! Limit Nummer 9,5 f\u00fcr Z\u00fcrich f\u00fcr den \u00d6LV! Luca Sinn (UAB Athletics) blieb in 9:10,13 \u00fcber die 3000m Hindernis nur 5,13s \u00fcber dem U20-WM Limit f\u00fcr Eugene. Kira Gr\u00fcnberg (ATSV Innsbruck) verbesserte unterdessen ihren erst k\u00fcrzlich aufgestellen U23-Stabhochsprungrekord auf 4,36m.<\/p>\n<p>Thomas Kain (ATSV OMV Auersthal) holt sich mit einer neuen pers\u00f6nlichen Bestleitung von 50,93s \u00fcber die 400m H\u00fcrden Platz 2 und unterbot das EM-Limit von 51,10s! Herzliche Gratulation!<\/p>\n<p>Dies ist bereits das zweite EM-Limit an diesem Wochenende, da Elisabeth Eberl (ATG) gestern das Speerwurflimit mit 57,54m \u00fcberboten hat. Elisabeth Niedereder (team2012.at) lief im Abendprogramm 2:08,06 \u00fcber 800m. Pamela M\u00e4rzendorfer (LCAV Jodl Packaging) sah \u00fcber 800m das Ziel nicht.<\/p>\n<p><a href=\"http:\/\/www.oelv.at\/news\/detail.php?id=4871\" title=\"\u00d6LV | Jennifer Wenth qualifiziert sich als Zehnte \u00d6LV AthletIn f\u00fcr die Europameisterschaften\" target=\"_blank\">\u00d6LV | Jennifer Wenth qualifiziert sich als Zehnte \u00d6LV AthletIn f\u00fcr die Europameisterschaften<\/a><br \/>\n<a href=\"http:\/\/www.oelv.at\/news\/detail.php?id=4866&#038;lang=de\" title=\"\u00d6LV | Elisabeth Eberl wirft im Speerwurf mit 57,54 Meter das EM -Limit\" target=\"_blank\">\u00d6LV | Elisabeth Eberl wirft im Speerwurf mit 57,54 Meter das EM -Limit<\/a><br \/>\n<a href=\"http:\/\/www.oelv.at\/news\/detail.php?id=4868&#038;lang=de\" title=\"\u00d6LV | Thomas Kain l\u00e4uft EM Limit \u00fcber 400 Meter H\u00fcrden\" target=\"_blank\">\u00d6LV | Thomas Kain l\u00e4uft EM Limit \u00fcber 400 Meter H\u00fcrden<\/a><br \/>\n<a href=\"http:\/\/www.oelv.at\/news\/detail.php?id=4867&#038;lang=de\" title=\"\u00d6LV | Kira Gr\u00fcnberg verbessert U23-Rekord im Stabhochsprung auf 4,36 Meter\" target=\"_blank\">\u00d6LV | Kira Gr\u00fcnberg verbessert U23-Rekord im Stabhochsprung auf 4,36 Meter<\/a><\/p>\n<p>F\u00fcr Limit Nummer 4 an diesem Wochenende hat es dann doch nicht gereicht. Gerhard Mayer (SVS-Leichtathletik) blieb beim \u00d6resunds Grand Prix in Helsingborg mit 56,48m unter seinen M\u00f6glichkeiten.<\/p>\n<p><a href=\"http:\/\/www.trackandfield.se\/resultat\/2014\/140706.htm\" title=\"\u00d6resunds Grand Prix Helsingborg 2014 | Ergebnisse\" target=\"_blank\">\u00d6resunds Grand Prix Helsingborg 2014 | Ergebnisse<\/a><\/p>\n","protected":false},"excerpt":{"rendered":"<p>Vorschau Thomas Kain (ATSV OMV Auersthal), Pamela M\u00e4rzendorfer (LCAV Jodl Packaging) und Elisabeth Niedereder (team2012.at) stehen auf der Meldeliste f\u00fcr das 23th Memorial L\u00e9on Buyle in Oordegem. Elisabeth Niedereder hat \u00fcber 800m (18:25) und 1500m (20:00) gemeldet, w\u00e4hrend Pamela M\u00e4rzendorfer <a class=\"more-link\" href=\"https:\/\/trackandfield.bplaced.net\/blog\/2014\/07\/23th-memorial-leon-buyle-oordegem-2014-startlisten-zeitplan-ergebnisse-mit-kain-maerzendorfer-und-niedereder-wenth-in-regensburg\/\"><span class=\"screen-reader-text\">  23th Memorial L\u00e9on Buyle Oordegem 2014 &#8211; Startlisten \/ Zeitplan \/ Ergebnisse mit Kain, M\u00e4rzendorfer und Niedereder + Wenth in Regensburg!<\/span> weiterlesen<span class=\"meta-nav\">&rarr;<\/span><\/a><\/p>\n","protected":false},"author":1,"featured_media":0,"comment_status":"closed","ping_status":"closed","sticky":false,"template":"","format":"standard","meta":{"footnotes":""},"categories":[7,8],"tags":[242,129,1325,1285,309,588,345],"class_list":["post-7517","post","type-post","status-publish","format-standard","hentry","category-international","category-national","tag-elisabeth-niedereder","tag-jennifer-wenth","tag-memorial-leon-buyle","tag-oordegem","tag-pamela-marzendorfer","tag-regensburg","tag-thomas-kain"],"_links":{"self":[{"href":"https:\/\/trackandfield.bplaced.net\/blog\/wp-json\/wp\/v2\/posts\/7517","targetHints":{"allow":["GET"]}}],"collection":[{"href":"https:\/\/trackandfield.bplaced.net\/blog\/wp-json\/wp\/v2\/posts"}],"about":[{"href":"https:\/\/trackandfield.bplaced.net\/blog\/wp-json\/wp\/v2\/types\/post"}],"author":[{"embeddable":true,"href":"https:\/\/trackandfield.bplaced.net\/blog\/wp-json\/wp\/v2\/users\/1"}],"replies":[{"embeddable":true,"href":"https:\/\/trackandfield.bplaced.net\/blog\/wp-json\/wp\/v2\/comments?post=7517"}],"version-history":[{"count":0,"href":"https:\/\/trackandfield.bplaced.net\/blog\/wp-json\/wp\/v2\/posts\/7517\/revisions"}],"wp:attachment":[{"href":"https:\/\/trackandfield.bplaced.net\/blog\/wp-json\/wp\/v2\/media?parent=7517"}],"wp:term":[{"taxonomy":"category","embeddable":true,"href":"https:\/\/trackandfield.bplaced.net\/blog\/wp-json\/wp\/v2\/categories?post=7517"},{"taxonomy":"post_tag","embeddable":true,"href":"https:\/\/trackandfield.bplaced.net\/blog\/wp-json\/wp\/v2\/tags?post=7517"}],"curies":[{"name":"wp","href":"https:\/\/api.w.org\/{rel}","templated":true}]}}