{"id":8941,"date":"2014-12-27T22:15:07","date_gmt":"2014-12-27T21:15:07","guid":{"rendered":"http:\/\/trackandfield.bplaced.net\/?p=8941"},"modified":"2015-01-01T09:18:28","modified_gmt":"2015-01-01T08:18:28","slug":"silvesterlauf-bozen-40-boclassic-2014-livestream-live-ergebnisse-elitefeld","status":"publish","type":"post","link":"https:\/\/trackandfield.bplaced.net\/blog\/2014\/12\/silvesterlauf-bozen-40-boclassic-2014-livestream-live-ergebnisse-elitefeld\/","title":{"rendered":"Silvesterlauf Bozen &#8211; 40. BOclassic 2014 &#8211; Livestream \/ Live-Ergebnisse \/ Elitefeld"},"content":{"rendered":"<h1><a href=\"http:\/\/www.boclassic.it\/\" title=\"BOClassic\" target=\"_blank\">BOclassic<\/a><\/h1>\n<h2>Vorschau<\/h2>\n<p>Wie jedes Jahr gibt es in Bozen am Jahresabschluss mit dem BOclassic einen der bestbesetzten Silvesterl\u00e4ufe der Welt. Auch heuer werden sich wieder einige Eliteathleten auf der 1250m langen Runde durch die Bozener Altstadt matchen. Bei den Herren hat man den Jahresschnellsten \u00fcber 5000m Muktar Edris (ETH), sowie dem <del datetime=\"2014-12-28T13:14:11+00:00\"><a href=\"https:\/\/www.youtube.com\/watch?v=FJKLKrGlqFI\" title=\" IAAF U20-WM Eugene 2014 - 10000m M\u00e4nner Finale (Schlussrunde)\" target=\"_blank\">Juniorenweltmeister \u00fcber 10000m von Eugene Joshua Cheptegei (UGA)<\/a><\/del> verpflichtet. Aber auch Thomas Longosiwa (KEN) und <del datetime=\"2014-12-28T13:14:11+00:00\">der heurige Jahresbeste \u00fcber 3000m Hindernis <a href=\"http:\/\/en.wikipedia.org\/wiki\/Jairus_Kipchoge_Birech\" title=\"jairus Birech\" target=\"_blank\">Jairus Birech<\/a> (KEN)<\/del> werden sich \u00fcber die 10km messen. Aus heimischer (italienischer) Sicht wird Marathoneuropameister <a href=\"http:\/\/en.wikipedia.org\/wiki\/Daniele_Meucci\" title=\"Daniele Meucci\" target=\"_blank\">Daniele Meucci<\/a> versuchen ein Wort mitzureden, auch Zane Robertson (NZL) und Edwin Soi (KEN) k\u00f6nnten eine gute Rolle spielen. Der heurige U20 Crosseuropameister <a href=\"https:\/\/www.youtube.com\/watch?v=tNLBH7uDZIg\" title=\"Yemane Crippa\" target=\"_blank\">Yemane Crippa<\/a>, sowie der fr\u00fchere U23 und AK Crosseuropameister <a href=\"http:\/\/de.wikipedia.org\/wiki\/Andrea_Lalli\" title=\"Andrea Lalli\" target=\"_blank\">Andrea Lalli<\/a> sind ebenso mit dabei. Den &#8222;\u00f6sterreichischen Beitrag&#8220; liefert <a href=\"http:\/\/www.fidal.it\/atleta\/Riccardo-Sterni\/eauRkpqjcWM%3D\" title=\"Riccardo Sterni\" target=\"_blank\">Riccardo Sterni<\/a>, der mittlerweile \u00f6fters bei Bergl\u00e4ufen am Start ist und seine Zelte in Graz aufgeschlagen hat.<br \/>\nBei den Frauen wird ein L\u00e4nderkampf zwischen <del datetime=\"2014-12-28T13:14:11+00:00\">Maryam Jamal (BRN)<\/del>, Janet Kisa und Peres Jepchirchir (KEN), sowie Etenesh Diro und Alemitu Hawi (ETH) erwartet. Viele Italienerinnen um BOclassic Botschafterin Silvia Weissteiner und <a href=\"http:\/\/www.fidal.it\/atleta\/Federica-Del-Buono\/eK6RkpOjaGU%3D\" title=\"Federica Del Buono\" target=\"_blank\">Federica Del Buono<\/a> (1500m 4:05,32) wollen aber nat\u00fcrlich ebenso ein W\u00f6rtchen mitreden.<\/p>\n<p>Die <a href=\"http:\/\/trackandfield.bplaced.net\/wp-content\/uploads\/2014\/12\/141231_BOclassic_Startlist_Elifefield.pdf\" target=\"_blank\">gesamte Startliste des Elitefeldes (Stand 28.12.2014)<\/a> gibt es auch als PDF.<\/p>\n<p><a href=\"http:\/\/www.sportnews.bz\/de\/weitere-sportarten\/leichtathletik\/news-detail\/news\/40-boclassic-der-bestbesetzten-silvesterlauf-der-welt.html\" title=\"Sportnews.bz | 40. Boclassic: Der bestbesetzte Silvesterlauf der Welt\" target=\"_blank\">Sportnews.bz | 40. Boclassic: Der bestbesetzte Silvesterlauf der Welt<\/a><br \/>\n<a href=\"http:\/\/www.slideshare.net\/albertostretti1\/request-43051811\" title=\"40. Boclassic 2014 | Media Guide\" target=\"_blank\">40. Boclassic 2014 | Media Guide<\/a><br \/>\n<a href=\"http:\/\/www.boclassic.it\/assets\/downloads\/Print-Foto\/Info%202014.pdf\" title=\"BOclassic 2014 | Information\" target=\"_blank\">BOclassic 2014 | Information<\/a><\/p>\n<h2>Livestream &#8211; 31.12.2014 ab 14:45<\/h2>\n<p>Das Frauenrennen \u00fcber 5km startet um 15 Uhr. Der M\u00e4nnerlauf \u00fcber 10km folgt um 15:30.<br \/>\n     <script src=\"http:\/\/jwpsrv.com\/library\/yC2CaBR2EeOuBxIxOUCPzg.js\"><\/script><\/p>\n<div class=\"streaminglogo\"><span class=\"it\"><\/span><\/div>\n<section class=\"container\">\n<div class=\"row\">\n<div class=\"span6 offset3\">\n<div id=\"videop\">Loading&#8230;<\/div>\n<p>\t                <script type=\"text\/javascript\">\n\t                    jwplayer(\"videop\").setup({\n\t                        flashplayer: \"http:\/\/www.raibz.rai.it\/lib\/jwplayer.flash.swf\",\n\t                        file: \"rtmp:\/\/212.162.85.59\/liveBZ\/sdtirolstream\",\n\t                        image: '',\n\t                        width: \"100%\",\n\t                        aspectratio: \"16:9\",\n\t                        controls: true,\n\t                        skin: 'http:\/\/www.raibz.rai.it\/js\/six.xml'\n\t                    });\n\t                <\/script>\n                    <\/div>\n<\/p><\/div>\n<\/section>\n<p><a href=\"http:\/\/www.raibz.rai.it\/videoplay.php\" title=\"40. BOclassic 2014 | Livestream (RAISuedtirol 14:45-16:30 MEZ)\" target=\"_blank\">40. BOclassic 2014 | Livestream (RAISuedtirol 14:45-16:30 MEZ)<\/a><\/p>\n<h2>Live-Ergebnisse \/ Zeitplan \/ Startlisten Elitefeld<\/h2>\n<p><a href=\"http:\/\/trackandfield.bplaced.net\/wp-content\/uploads\/2014\/12\/141231_BOclassic_Startlist_Elifefield.pdf\" target=\"_blank\">BOclassic 2014 | Startlisten Elitefeld (Stand 28.12.2014)<\/a><br \/>\n<a href=\"https:\/\/www.datasport.com\/live\/?racenr=16579&#038;m=se\" title=\"BOclassic 2014 | Live-Ergebnisse\" target=\"_blank\">BOclassic 2014 | Live-Ergebnisse<\/a><br \/>\n<a href=\"http:\/\/services.datasport.com\/2014\/lauf\/boclassic\/\" title=\"BOclassic 2014 | Ergebnisse\" target=\"_blank\">BOclassic 2014 | Ergebnisse<\/a><br \/>\n<a href=\"http:\/\/www.boclassic.it\/de\/cmspre\/das-programm\/4.html\" title=\"BOclassic 2014 | Zeitplan\" target=\"_blank\">BOclassic 2014 | Zeitplan<\/a><\/p>\n<p><a href=\"http:\/\/www.boclassic.it\/de\/cmspre\/ergebnisse-boclassic\/14.html\" title=\"BOclassic | Ergebnisse der Vorjahre\" target=\"_blank\">BOclassic | Ergebnisse der Vorjahre<\/a><\/p>\n<h2>Videos<\/h2>\n<p><a href=\"http:\/\/www.boclassic.it\/de\/cmspre\/boclassic-videos\/24.html\" title=\"BOclassic | Videos der vergangenen Jahre\" target=\"_blank\">BOclassic | Videos der vergangenen Jahre<\/a><\/p>\n<h2>Bericht<\/h2>\n<p><a href=\"http:\/\/www.iaaf.org\/news\/report\/edris-kisa-bolzano-boclassic-merga-jepchirchi\" title=\"IAAF | Edris ends Merga\u2019s streak in Bolzano as Kisa leads Kenyan 1-2\" target=\"_blank\">IAAF | Edris ends Merga\u2019s streak in Bolzano as Kisa leads Kenyan 1-2<\/a><\/p>\n","protected":false},"excerpt":{"rendered":"<p>BOclassic Vorschau Wie jedes Jahr gibt es in Bozen am Jahresabschluss mit dem BOclassic einen der bestbesetzten Silvesterl\u00e4ufe der Welt. Auch heuer werden sich wieder einige Eliteathleten auf der 1250m langen Runde durch die Bozener Altstadt matchen. Bei den Herren <a class=\"more-link\" href=\"https:\/\/trackandfield.bplaced.net\/blog\/2014\/12\/silvesterlauf-bozen-40-boclassic-2014-livestream-live-ergebnisse-elitefeld\/\"><span class=\"screen-reader-text\">  Silvesterlauf Bozen &#8211; 40. BOclassic 2014 &#8211; Livestream \/ Live-Ergebnisse \/ Elitefeld<\/span> weiterlesen<span class=\"meta-nav\">&rarr;<\/span><\/a><\/p>\n","protected":false},"author":1,"featured_media":0,"comment_status":"closed","ping_status":"closed","sticky":false,"template":"","format":"standard","meta":{"footnotes":""},"categories":[7],"tags":[868,472,970,657,1502,1500,1501,140,72,1448,1503,475,1499],"class_list":["post-8941","post","type-post","status-publish","format-standard","hentry","category-international","tag-andrea-lalli","tag-boclassic","tag-bozen","tag-daniele-meucci","tag-federica-del-buono","tag-jairus-birech","tag-joshua-cheptegei","tag-livestream","tag-marjam-yusuf-jamal","tag-muktar-edris","tag-riccardo-sterni","tag-silvia-weissteiner","tag-yemane-crippa"],"_links":{"self":[{"href":"https:\/\/trackandfield.bplaced.net\/blog\/wp-json\/wp\/v2\/posts\/8941","targetHints":{"allow":["GET"]}}],"collection":[{"href":"https:\/\/trackandfield.bplaced.net\/blog\/wp-json\/wp\/v2\/posts"}],"about":[{"href":"https:\/\/trackandfield.bplaced.net\/blog\/wp-json\/wp\/v2\/types\/post"}],"author":[{"embeddable":true,"href":"https:\/\/trackandfield.bplaced.net\/blog\/wp-json\/wp\/v2\/users\/1"}],"replies":[{"embeddable":true,"href":"https:\/\/trackandfield.bplaced.net\/blog\/wp-json\/wp\/v2\/comments?post=8941"}],"version-history":[{"count":0,"href":"https:\/\/trackandfield.bplaced.net\/blog\/wp-json\/wp\/v2\/posts\/8941\/revisions"}],"wp:attachment":[{"href":"https:\/\/trackandfield.bplaced.net\/blog\/wp-json\/wp\/v2\/media?parent=8941"}],"wp:term":[{"taxonomy":"category","embeddable":true,"href":"https:\/\/trackandfield.bplaced.net\/blog\/wp-json\/wp\/v2\/categories?post=8941"},{"taxonomy":"post_tag","embeddable":true,"href":"https:\/\/trackandfield.bplaced.net\/blog\/wp-json\/wp\/v2\/tags?post=8941"}],"curies":[{"name":"wp","href":"https:\/\/api.w.org\/{rel}","templated":true}]}}