{"id":9041,"date":"2015-01-07T20:35:33","date_gmt":"2015-01-07T19:35:33","guid":{"rendered":"http:\/\/trackandfield.bplaced.net\/?p=9041"},"modified":"2015-01-07T20:37:52","modified_gmt":"2015-01-07T19:37:52","slug":"58th-cross-campaccio-internazionale-ergebnisse-video-interviews","status":"publish","type":"post","link":"https:\/\/trackandfield.bplaced.net\/blog\/2015\/01\/58th-cross-campaccio-internazionale-ergebnisse-video-interviews\/","title":{"rendered":"58th Cross Campaccio Internazionale &#8211; Ergebnisse \/ Video \/ Interviews"},"content":{"rendered":"<p>F\u00fcr alle die den <a href=\"http:\/\/www.crosscampaccio.com\/\" title=\"IAAF Crosslauf Campaccio\" target=\"_blank\">IAAF Crosslauf Campaccio<\/a> am gestrigen Dreik\u00f6nigstag verpasst haben, hier das Video zum Nachsehen. Beim M\u00e4nnerrennen \u00fcber 10km gab es lange einen Dreikampf zwischen Dathan Ritzenhein, Andrea Lalli und Daniele Meucci. Bei den Frauen waren mit Janet Kisa, Peres Jepchirchir und Betsy Saina drei L\u00e4uferinnen aus Kenia dominant.<\/p>\n<p><a href=\"http:\/\/www.tds-live.com\/ns\/index.jsp?login=&#038;password=&#038;is_domenica=-1&#038;nextRaceId=&#038;dpbib=&#038;dpcat=&#038;dpsex=&#038;serviziol=&#038;pageType=1&#038;id=6578&#038;servizio=&#038;locale=1040#\" title=\"58th Cross Campaccio Internazionale | Ergebnisse\" target=\"_blank\">58th Cross Campaccio Internazionale | Ergebnisse<\/a><br \/>\n<a href=\"http:\/\/www.iaaf.org\/news\/report\/campaccio-cross-country-ritzenhein-kisa-2015\" title=\"IAAF | Ritzenhein returns as Kisa leads Kenyan sweep at Campaccio\" target=\"_blank\">IAAF | Ritzenhein returns as Kisa leads Kenyan sweep at Campaccio<\/a><\/p>\n<p><iframe loading=\"lazy\" width=\"560\" height=\"315\" src=\"\/\/www.youtube.com\/embed\/F_uZLHMpfwM\" frameborder=\"0\" allowfullscreen><\/iframe><\/p>\n<p>Interviews mit Dathan Ritzenhein und Betsy Saina findet ihr am <a href=\"https:\/\/www.youtube.com\/user\/albertostretti1\/videos\" title=\"Youtube Kanal von Alberto Stretti\" target=\"_blank\">Youtube Kanal von Alberto Stretti<\/a>.<\/p>\n<p>In der heutigen Aussendung zum Boston Marathon wurde auch bekannt, dass Dathan Ritzenhein dort erstmals an den Start gehen wird.<br \/>\n<a href=\"http:\/\/www.iaaf.org\/news\/news\/boston-marathon-2015-us-elite-meb-flanagan\" title=\"IAAF | Defending champion Keflezighi leads US field for Boston Marathon\" target=\"_blank\">IAAF | Defending champion Keflezighi leads US field for Boston Marathon<\/a><\/p>\n","protected":false},"excerpt":{"rendered":"<p>F\u00fcr alle die den IAAF Crosslauf Campaccio am gestrigen Dreik\u00f6nigstag verpasst haben, hier das Video zum Nachsehen. Beim M\u00e4nnerrennen \u00fcber 10km gab es lange einen Dreikampf zwischen Dathan Ritzenhein, Andrea Lalli und Daniele Meucci. Bei den Frauen waren mit Janet <a class=\"more-link\" href=\"https:\/\/trackandfield.bplaced.net\/blog\/2015\/01\/58th-cross-campaccio-internazionale-ergebnisse-video-interviews\/\"><span class=\"screen-reader-text\">  58th Cross Campaccio Internazionale &#8211; Ergebnisse \/ Video \/ Interviews<\/span> weiterlesen<span class=\"meta-nav\">&rarr;<\/span><\/a><\/p>\n","protected":false},"author":1,"featured_media":0,"comment_status":"closed","ping_status":"closed","sticky":false,"template":"","format":"standard","meta":{"footnotes":""},"categories":[7],"tags":[868,1494,1512,199,657,454,1502,70,1513,1514],"class_list":["post-9041","post","type-post","status-publish","format-standard","hentry","category-international","tag-andrea-lalli","tag-betsy-saina","tag-campaccio","tag-cross","tag-daniele-meucci","tag-dathan-ritzenhein","tag-federica-del-buono","tag-iaaf","tag-janet-kisa","tag-peres-jepchirchir"],"_links":{"self":[{"href":"https:\/\/trackandfield.bplaced.net\/blog\/wp-json\/wp\/v2\/posts\/9041","targetHints":{"allow":["GET"]}}],"collection":[{"href":"https:\/\/trackandfield.bplaced.net\/blog\/wp-json\/wp\/v2\/posts"}],"about":[{"href":"https:\/\/trackandfield.bplaced.net\/blog\/wp-json\/wp\/v2\/types\/post"}],"author":[{"embeddable":true,"href":"https:\/\/trackandfield.bplaced.net\/blog\/wp-json\/wp\/v2\/users\/1"}],"replies":[{"embeddable":true,"href":"https:\/\/trackandfield.bplaced.net\/blog\/wp-json\/wp\/v2\/comments?post=9041"}],"version-history":[{"count":0,"href":"https:\/\/trackandfield.bplaced.net\/blog\/wp-json\/wp\/v2\/posts\/9041\/revisions"}],"wp:attachment":[{"href":"https:\/\/trackandfield.bplaced.net\/blog\/wp-json\/wp\/v2\/media?parent=9041"}],"wp:term":[{"taxonomy":"category","embeddable":true,"href":"https:\/\/trackandfield.bplaced.net\/blog\/wp-json\/wp\/v2\/categories?post=9041"},{"taxonomy":"post_tag","embeddable":true,"href":"https:\/\/trackandfield.bplaced.net\/blog\/wp-json\/wp\/v2\/tags?post=9041"}],"curies":[{"name":"wp","href":"https:\/\/api.w.org\/{rel}","templated":true}]}}